{"id":14606,"date":"2025-09-05T16:16:38","date_gmt":"2025-09-05T14:16:38","guid":{"rendered":"https:\/\/pasaenmendoza.com\/?p=14606"},"modified":"2025-09-05T16:16:39","modified_gmt":"2025-09-05T14:16:39","slug":"las-heras-aplicara-nuevas-reglas-para-las-asambleas-sindicales","status":"publish","type":"post","link":"https:\/\/pasaenmendoza.com\/?p=14606","title":{"rendered":"Las Heras aplicar\u00e1 nuevas reglas para las asambleas sindicales \u00a0"},"content":{"rendered":"\n<p>La&nbsp;<strong>Municipalidad de Las Heras<\/strong>&nbsp;oficializ\u00f3 mediante el Decreto N\u00ba 1592\/2025 la adhesi\u00f3n a la Resoluci\u00f3n N\u00b0 083\/2018 del Ministerio de Gobierno, Trabajo y Justicia de Mendoza, que establece &#8220;<strong>pautas claras para la realizaci\u00f3n de asambleas sindicales dentro del \u00e1mbito de la administraci\u00f3n p\u00fablica<\/strong>&#8220;.&nbsp;<\/p>\n\n\n\n<p>La normativa ya est\u00e1 en vigencia y&nbsp;<strong>alcanza a todas las dependencias municipales.<\/strong>&nbsp;El objetivo, seg\u00fan las autoridades, es &#8220;ordenar la realizaci\u00f3n de asambleas gremiales sin afectar la continuidad de los servicios esenciales&#8221;.&nbsp;<\/p>\n\n\n\n<p>Entre los puntos centrales, se establecen requisitos como el aviso previo, l\u00edmites de tiempo, realizaci\u00f3n dentro del lugar de trabajo, presencia de guardias m\u00ednimas y control de asistencia del personal.<\/p>\n\n\n\n<p>Seg\u00fan se explic\u00f3 desde el Ejecutivo local,<strong>\u00a0la comuna carec\u00eda de una reglamentaci\u00f3n espec\u00edfica sobre la materia<\/strong>, por lo que se decidi\u00f3 adoptar una normativa &#8220;probada y consolidada&#8221;, en l\u00ednea con lo que ya rige a nivel provincial.\u00a0<\/p>\n\n\n\n<p>De esta manera, la medida buscar\u00eda &#8220;garantizar seguridad jur\u00eddica, previsibilidad y equilibrio entre el derecho a la organizaci\u00f3n sindical y la prestaci\u00f3n de servicios p\u00fablicos&#8221;.<\/p>\n\n\n\n<p>El decreto tambi\u00e9n dispone que las secretar\u00edas y direcciones municipales implementen las medidas necesarias para su aplicaci\u00f3n inmediata, y ordena notificar formalmente a todos los sindicatos con representaci\u00f3n dentro del municipio.<\/p>\n\n\n\n<p><strong>Fuente: www.mendozapost.com<\/strong><\/p>\n","protected":false},"excerpt":{"rendered":"<p>La&nbsp;Municipalidad de Las Heras&nbsp;oficializ\u00f3 mediante el Decreto N\u00ba 1592\/2025 la adhesi\u00f3n a la Resoluci\u00f3n N\u00b0 083\/2018 del Ministerio de Gobierno, Trabajo y Justicia de Mendoza, que establece &#8220;pautas claras para la realizaci\u00f3n de asambleas sindicales dentro del \u00e1mbito de la administraci\u00f3n p\u00fablica&#8220;.&nbsp; La normativa ya est\u00e1 en vigencia y&nbsp;alcanza a todas las dependencias municipales.&nbsp;El objetivo, [&hellip;]<\/p>\n","protected":false},"author":2,"featured_media":14607,"comment_status":"open","ping_status":"open","sticky":false,"template":"","format":"standard","meta":[],"categories":[47],"tags":[],"_links":{"self":[{"href":"https:\/\/pasaenmendoza.com\/index.php?rest_route=\/wp\/v2\/posts\/14606"}],"collection":[{"href":"https:\/\/pasaenmendoza.com\/index.php?rest_route=\/wp\/v2\/posts"}],"about":[{"href":"https:\/\/pasaenmendoza.com\/index.php?rest_route=\/wp\/v2\/types\/post"}],"author":[{"embeddable":true,"href":"https:\/\/pasaenmendoza.com\/index.php?rest_route=\/wp\/v2\/users\/2"}],"replies":[{"embeddable":true,"href":"https:\/\/pasaenmendoza.com\/index.php?rest_route=%2Fwp%2Fv2%2Fcomments&post=14606"}],"version-history":[{"count":1,"href":"https:\/\/pasaenmendoza.com\/index.php?rest_route=\/wp\/v2\/posts\/14606\/revisions"}],"predecessor-version":[{"id":14608,"href":"https:\/\/pasaenmendoza.com\/index.php?rest_route=\/wp\/v2\/posts\/14606\/revisions\/14608"}],"wp:featuredmedia":[{"embeddable":true,"href":"https:\/\/pasaenmendoza.com\/index.php?rest_route=\/wp\/v2\/media\/14607"}],"wp:attachment":[{"href":"https:\/\/pasaenmendoza.com\/index.php?rest_route=%2Fwp%2Fv2%2Fmedia&parent=14606"}],"wp:term":[{"taxonomy":"category","embeddable":true,"href":"https:\/\/pasaenmendoza.com\/index.php?rest_route=%2Fwp%2Fv2%2Fcategories&post=14606"},{"taxonomy":"post_tag","embeddable":true,"href":"https:\/\/pasaenmendoza.com\/index.php?rest_route=%2Fwp%2Fv2%2Ftags&post=14606"}],"curies":[{"name":"wp","href":"https:\/\/api.w.org\/{rel}","templated":true}]}}