{"id":14612,"date":"2025-09-05T23:25:41","date_gmt":"2025-09-05T21:25:41","guid":{"rendered":"https:\/\/pasaenmendoza.com\/?p=14612"},"modified":"2025-09-05T23:25:42","modified_gmt":"2025-09-05T21:25:42","slug":"vialidad-mendoza-comenzo-el-reacondicionamiento-de-una-via-clave-para-el-este-y-el-sur","status":"publish","type":"post","link":"https:\/\/pasaenmendoza.com\/?p=14612","title":{"rendered":"Vialidad Mendoza comenz\u00f3 el reacondicionamiento de una v\u00eda clave para el Este y el Sur"},"content":{"rendered":"\n<p>Arranc\u00f3 la\u00a0<strong>pavimentaci\u00f3n de la\u00a0Ruta Provincial 153<\/strong>, v\u00eda clave del corredor log\u00edstico y comercial que une a los departamentos del\u00a0<strong>Este y Sur mendocino<\/strong>. Se trata de\u00a0<strong>86 kil\u00f3metros de carpeta asf\u00e1ltica que dejar\u00e1n a nuevo el tramo que se extiende desde Las Catitas hasta \u00d1acu\u00f1\u00e1n.<\/strong><\/p>\n\n\n\n<p>La ruta se reconstruye con el\u00a0<strong>Fondo de Resarcimiento<\/strong>, esto es, con parte de los mil millones de d\u00f3lares con los que la Provincia de Mendoza fue resarcida por los efectos negativos de la promoci\u00f3n industrial que favoreci\u00f3 a las provincias vecinas hace m\u00e1s de dos d\u00e9cadas.<\/p>\n\n\n\n<p>El titular de la\u00a0Direcci\u00f3n Provincial de Vialidad, Osvaldo Romagnoli, recorri\u00f3 la obra y precis\u00f3: \u201c<strong>Comenzamos a colocar la carpeta asf\u00e1ltica en el tramo de la RP 15 y la intersecci\u00f3n con la RP 71, a unos 22 kil\u00f3metros de Las Catitas<\/strong>.<\/p>\n\n\n\n<p>\u201cEl encarpetado &#8211; continu\u00f3- se est\u00e1 aplicando en direcci\u00f3n hacia Las Catitas y cuando se llegue hasta all\u00ed, se continuar\u00e1 desde la RP 71 hacia \u00d1acu\u00f1\u00e1n. El tramo al que me refiero corresponde a la primera etapa.<\/p>\n\n\n\n<p>\u00abSimult\u00e1neamente, estamos trabajando en la segunda etapa, desde \u00d1acu\u00f1an hasta Monte, como as\u00ed tambi\u00e9n en la reconstrucci\u00f3n de la Ruta 171 que se est\u00e1 pavimentando, desde Monte Coman hasta Real del Padre, en San Rafael\u201d, indic\u00f3.<\/p>\n\n\n\n<p>Adem\u00e1s, la DPV realiza sobre esta ruta la reconstrucci\u00f3n de dos puentes, uno ubicado a 42 km de las Catitas y otro a 62 km, los que fueron recorridos por la subsecretaria de Infraestructura y Desarrollo Territorial, Marite Badui.<\/p>\n\n\n\n<p>La funcionaria afirm\u00f3: \u201cEsta ruta fue de las primeras que licitamos con el Fondo del Resarcimiento, junto al otro tramo y a la 171. Actualmente, en obras viales, estamos pr\u00f3ximos a adjudicar el Puente sobre el R\u00edo Mendoza de la Ruta 15, en Luj\u00e1n, y la Doble V\u00eda del Este, tramo II\u201d.<\/p>\n\n\n\n<p>Finaliz\u00f3 resaltando que \u201cya tenemos los pliegos provisorios de la refuncionalizaci\u00f3n de la Ruta Nacional 143 de Pareditas a San Rafael, que llamaremos durante este mes\u201d.<\/p>\n\n\n\n<p><strong>Fuente: www.diariomendoza.com.ar<\/strong><\/p>\n","protected":false},"excerpt":{"rendered":"<p>Arranc\u00f3 la\u00a0pavimentaci\u00f3n de la\u00a0Ruta Provincial 153, v\u00eda clave del corredor log\u00edstico y comercial que une a los departamentos del\u00a0Este y Sur mendocino. Se trata de\u00a086 kil\u00f3metros de carpeta asf\u00e1ltica que dejar\u00e1n a nuevo el tramo que se extiende desde Las Catitas hasta \u00d1acu\u00f1\u00e1n. La ruta se reconstruye con el\u00a0Fondo de Resarcimiento, esto es, con parte [&hellip;]<\/p>\n","protected":false},"author":2,"featured_media":14613,"comment_status":"open","ping_status":"open","sticky":false,"template":"","format":"standard","meta":[],"categories":[47],"tags":[],"_links":{"self":[{"href":"https:\/\/pasaenmendoza.com\/index.php?rest_route=\/wp\/v2\/posts\/14612"}],"collection":[{"href":"https:\/\/pasaenmendoza.com\/index.php?rest_route=\/wp\/v2\/posts"}],"about":[{"href":"https:\/\/pasaenmendoza.com\/index.php?rest_route=\/wp\/v2\/types\/post"}],"author":[{"embeddable":true,"href":"https:\/\/pasaenmendoza.com\/index.php?rest_route=\/wp\/v2\/users\/2"}],"replies":[{"embeddable":true,"href":"https:\/\/pasaenmendoza.com\/index.php?rest_route=%2Fwp%2Fv2%2Fcomments&post=14612"}],"version-history":[{"count":1,"href":"https:\/\/pasaenmendoza.com\/index.php?rest_route=\/wp\/v2\/posts\/14612\/revisions"}],"predecessor-version":[{"id":14614,"href":"https:\/\/pasaenmendoza.com\/index.php?rest_route=\/wp\/v2\/posts\/14612\/revisions\/14614"}],"wp:featuredmedia":[{"embeddable":true,"href":"https:\/\/pasaenmendoza.com\/index.php?rest_route=\/wp\/v2\/media\/14613"}],"wp:attachment":[{"href":"https:\/\/pasaenmendoza.com\/index.php?rest_route=%2Fwp%2Fv2%2Fmedia&parent=14612"}],"wp:term":[{"taxonomy":"category","embeddable":true,"href":"https:\/\/pasaenmendoza.com\/index.php?rest_route=%2Fwp%2Fv2%2Fcategories&post=14612"},{"taxonomy":"post_tag","embeddable":true,"href":"https:\/\/pasaenmendoza.com\/index.php?rest_route=%2Fwp%2Fv2%2Ftags&post=14612"}],"curies":[{"name":"wp","href":"https:\/\/api.w.org\/{rel}","templated":true}]}}