{"id":14615,"date":"2025-09-05T23:30:30","date_gmt":"2025-09-05T21:30:30","guid":{"rendered":"https:\/\/pasaenmendoza.com\/?p=14615"},"modified":"2025-09-05T23:30:30","modified_gmt":"2025-09-05T21:30:30","slug":"cornejo-entrego-casas-en-guaymallen-para-que-haya-credito-hipotecario-deben-subir-los-sueldos","status":"publish","type":"post","link":"https:\/\/pasaenmendoza.com\/?p=14615","title":{"rendered":"Cornejo entreg\u00f3 casas en Guaymall\u00e9n: &#8220;Para que haya cr\u00e9dito hipotecario deben subir los sueldos&#8221;"},"content":{"rendered":"\n<p>Un total de\u00a0<strong>122 familias<\/strong>\u00a0recibieron las llaves de su nueva vivienda en el marco del\u00a0<strong>programa habitacional<\/strong>\u00a0llevado adelante por la Provincia y el Municipio. Las unidades fueron adjudicadas a trav\u00e9s del\u00a0<strong>Registro de Necesidades Habitacionales (Renhabit)<\/strong>\u00a0y construidas por la empresa\u00a0<strong>Stornini SA<\/strong>\u00a0en terrenos cedidos por el\u00a0<strong>Gobierno provincial<\/strong>.<\/p>\n\n\n\n<p>Si se suman las\u00a0<strong>38\u00a0viviendas<\/strong>\u00a0entregadas el pasado 26 de agosto, en los \u00faltimos diez d\u00edas ya se otorgaron\u00a0<strong>160 casas en Guaymall\u00e9n<\/strong>.<\/p>\n\n\n\n<h3 class=\"wp-block-heading\"><strong>Acto de entrega y autoridades presentes<\/strong><\/h3>\n\n\n\n<p>La entrega fue encabezada por el\u00a0<strong>gobernador\u00a0Alfredo Cornejo<\/strong>\u00a0y el\u00a0<strong>intendente Marcos Calvente<\/strong>, acompa\u00f1ados por la\u00a0<strong>subsecretaria de Infraestructura y Desarrollo Territorial Marit\u00e9 Badui<\/strong>, el\u00a0<strong>presidente del IPV Gustavo Cantero<\/strong>, y funcionarios municipales.<\/p>\n\n\n\n<p>En el acto se destac\u00f3 la reciente inauguraci\u00f3n de una&nbsp;<strong>planta potabilizadora<\/strong>&nbsp;desarrollada junto a la&nbsp;<strong>Uni\u00f3n Vecinal de Servicios P\u00fablicos del Sauce<\/strong>, con una inversi\u00f3n de m\u00e1s de&nbsp;<strong>270 millones de pesos<\/strong>, que permitir\u00e1 m\u00e1s de&nbsp;<strong>mil conexiones nuevas<\/strong>, entre ellas las del nuevo barrio.<\/p>\n\n\n\n<p>Cornejo destac\u00f3 la magnitud de la entrega de viviendas en el barrio Brisas del Sauce. \u201cSe trata de 122 casas, que no se entregan todos los d\u00edas. El otro d\u00eda tambi\u00e9n en Guaymall\u00e9n, 138. Y as\u00ed sucesivamente. Estamos haciendo viviendas cuando en realidad la inversi\u00f3n p\u00fablica ha deca\u00eddo casi a cero en casi todo el pa\u00eds. Por eso celebramos estar termin\u00e1ndolas\u201d, expres\u00f3.<\/p>\n\n\n\n<p>Cornejo explic\u00f3 que la principal limitaci\u00f3n para resolver el d\u00e9ficit habitacional en la Argentina es la ausencia de cr\u00e9dito hipotecario accesible. Precisamente remarc\u00f3 que hace tiempo en el pa\u00eds no hay mucho de ese cr\u00e9dito disponible para la construcci\u00f3n de viviendas y que solo un sector reducido de la poblaci\u00f3n puede acceder a los mismos.<\/p>\n\n\n\n<h3 class=\"wp-block-heading\"><strong>Una cuota de 120 mil pesos mensuales<\/strong><\/h3>\n\n\n\n<p>En ese sentido, valor\u00f3 el esfuerzo del Estado provincial para ofrecer cuotas accesibles. \u201cEl cr\u00e9dito que van a tener en promedio es de 120 mil pesos mensuales, menos de lo que cuesta un alquiler en esta zona. Sabemos que sigue siendo caro para los ingresos actuales, pero es la \u00fanica forma de cubrir la demanda con un esfuerzo compartido\u201d, manifest\u00f3.<\/p>\n\n\n\n<p>Finalmente, Cornejo se refiri\u00f3 al futuro y la necesidad de pol\u00edticas macroecon\u00f3micas nacionales que favorezcan el acceso a la vivienda.\u00a0<strong>\u201cLa \u00fanica forma de que vuelva a haber cr\u00e9dito hipotecario y que los trabajadores accedan a la vivienda es que aumenten los salarios, que crezca la econom\u00eda y que los bancos vuelvan a prestar con tasas razonables\u201d, concluy\u00f3.<\/strong><\/p>\n\n\n\n<h3 class=\"wp-block-heading\"><strong>Caracter\u00edsticas de las viviendas<\/strong><\/h3>\n\n\n\n<p>Las casas poseen&nbsp;<strong>67,05 metros cuadrados cubiertos<\/strong>&nbsp;(dos adaptadas alcanzan los&nbsp;<strong>68,85 m\u00b2<\/strong>), se ubican en lotes de&nbsp;<strong>200 m\u00b2<\/strong>&nbsp;y cuentan con&nbsp;<strong>estar-comedor, cocina con lavadero integrado, dos dormitorios y ba\u00f1o<\/strong>.<\/p>\n\n\n\n<p>El Municipio aport\u00f3 la&nbsp;<strong>regularizaci\u00f3n del loteo<\/strong>&nbsp;y obras de&nbsp;<strong>urbanizaci\u00f3n<\/strong>&nbsp;como veredas, cord\u00f3n-cuneta, redes de&nbsp;<strong>agua, cloaca y electricidad<\/strong>,&nbsp;<strong>alumbrado p\u00fablico<\/strong>,&nbsp;<strong>forestaci\u00f3n<\/strong>&nbsp;y un&nbsp;<strong>reservorio hidr\u00e1ulico<\/strong>, entre otras.<\/p>\n\n\n\n<p>El costo total del proyecto asciende a\u00a0<strong>11.419 millones de pesos<\/strong>, mientras que el\u00a0<strong>valor de terminaci\u00f3n<\/strong>\u00a0de cada vivienda ronda los\u00a0<strong>95 millones de pesos<\/strong>. La\u00a0<strong>cuota promedio,<\/strong>\u00a0establecida para los adjudicatarios, es de\u00a0<strong>120.831 pesos mensuales<\/strong>, por debajo del precio de los alquileres en la zona.<\/p>\n\n\n\n<p><strong>Fuente: www.diariomendoza.com.ar<\/strong><\/p>\n","protected":false},"excerpt":{"rendered":"<p>Un total de\u00a0122 familias\u00a0recibieron las llaves de su nueva vivienda en el marco del\u00a0programa habitacional\u00a0llevado adelante por la Provincia y el Municipio. Las unidades fueron adjudicadas a trav\u00e9s del\u00a0Registro de Necesidades Habitacionales (Renhabit)\u00a0y construidas por la empresa\u00a0Stornini SA\u00a0en terrenos cedidos por el\u00a0Gobierno provincial. Si se suman las\u00a038\u00a0viviendas\u00a0entregadas el pasado 26 de agosto, en los \u00faltimos [&hellip;]<\/p>\n","protected":false},"author":2,"featured_media":14616,"comment_status":"open","ping_status":"open","sticky":false,"template":"","format":"standard","meta":[],"categories":[65],"tags":[],"_links":{"self":[{"href":"https:\/\/pasaenmendoza.com\/index.php?rest_route=\/wp\/v2\/posts\/14615"}],"collection":[{"href":"https:\/\/pasaenmendoza.com\/index.php?rest_route=\/wp\/v2\/posts"}],"about":[{"href":"https:\/\/pasaenmendoza.com\/index.php?rest_route=\/wp\/v2\/types\/post"}],"author":[{"embeddable":true,"href":"https:\/\/pasaenmendoza.com\/index.php?rest_route=\/wp\/v2\/users\/2"}],"replies":[{"embeddable":true,"href":"https:\/\/pasaenmendoza.com\/index.php?rest_route=%2Fwp%2Fv2%2Fcomments&post=14615"}],"version-history":[{"count":1,"href":"https:\/\/pasaenmendoza.com\/index.php?rest_route=\/wp\/v2\/posts\/14615\/revisions"}],"predecessor-version":[{"id":14617,"href":"https:\/\/pasaenmendoza.com\/index.php?rest_route=\/wp\/v2\/posts\/14615\/revisions\/14617"}],"wp:featuredmedia":[{"embeddable":true,"href":"https:\/\/pasaenmendoza.com\/index.php?rest_route=\/wp\/v2\/media\/14616"}],"wp:attachment":[{"href":"https:\/\/pasaenmendoza.com\/index.php?rest_route=%2Fwp%2Fv2%2Fmedia&parent=14615"}],"wp:term":[{"taxonomy":"category","embeddable":true,"href":"https:\/\/pasaenmendoza.com\/index.php?rest_route=%2Fwp%2Fv2%2Fcategories&post=14615"},{"taxonomy":"post_tag","embeddable":true,"href":"https:\/\/pasaenmendoza.com\/index.php?rest_route=%2Fwp%2Fv2%2Ftags&post=14615"}],"curies":[{"name":"wp","href":"https:\/\/api.w.org\/{rel}","templated":true}]}}