{"id":14618,"date":"2025-09-05T23:35:33","date_gmt":"2025-09-05T21:35:33","guid":{"rendered":"https:\/\/pasaenmendoza.com\/?p=14618"},"modified":"2025-09-05T23:35:33","modified_gmt":"2025-09-05T21:35:33","slug":"luis-petri-relanza-su-campana-en-mendoza-del-conurbano-bonaerense-a-san-martin","status":"publish","type":"post","link":"https:\/\/pasaenmendoza.com\/?p=14618","title":{"rendered":"Luis Petri relanza su campa\u00f1a en Mendoza: del Conurbano bonaerense a San Mart\u00edn"},"content":{"rendered":"\n<p>Luis Petri ensaya su relanzamiento pol\u00edtico en Mendoza en un delicado momento para el oficialismo nacional. Este viernes por la tarde encabezar\u00e1 en&nbsp;<strong>San Mart\u00edn<\/strong>&nbsp;la presentaci\u00f3n del&nbsp;<strong>Programa Integral para la Eficiencia H\u00eddrica Intrafinca y el Fortalecimiento Productivo<\/strong>, un evento institucional que funciona como&nbsp;<strong>primer gesto de campa\u00f1a local<\/strong>.<\/p>\n\n\n\n<p>La actividad, programada para las 17 en la Escuela Superior de Oficios \u201cManuel Belgrano\u201d, contar\u00e1 con la presencia del gobernador<strong>&nbsp;Alfredo Cornejo<\/strong>, el superintendente de Irrigaci\u00f3n, Sergio Marinelli, y el secretario General del Consejo Federal de Inversiones (CFI), Ignacio Lamothe.<\/p>\n\n\n\n<p><strong>Despu\u00e9s de varios d\u00edas de bajo perfil<\/strong>, Petri deja atr\u00e1s el silencio que lo mantuvo al margen de la agenda p\u00fablica. Aunque el acto institucional no tiene ning\u00fan v\u00ednculo con su funci\u00f3n nacional, representa su&nbsp;<strong>primer movimiento local<\/strong>&nbsp;desde el arranque formal de la campa\u00f1a, en medio de la turbulencia pol\u00edtica&nbsp;<strong>por las presuntas coimas<\/strong>&nbsp;en la Agencia Nacional de Discapacidad (ANDIS), un esc\u00e1ndalo que golpe\u00f3 de lleno al gobierno de Javier Milei.<\/p>\n\n\n\n<p>El acto, adem\u00e1s, llega despu\u00e9s de su presencia el martes en el conurbano bonaerense, donde acompa\u00f1\u00f3 a&nbsp;<strong>Milei<\/strong>&nbsp;en el cierre de campa\u00f1a bonaerense de&nbsp;<strong>La Libertad Avanza<\/strong>, de cara a las elecciones provinciales que se celebran este domingo.<\/p>\n\n\n\n<h2 class=\"wp-block-heading\" id=\"h-de-la-defensiva-al-relanzamiento\">De la defensiva al relanzamiento<\/h2>\n\n\n\n<p>En Mendoza, Petri comenz\u00f3 la campa\u00f1a con bajo perfil, condicionado por su rol ministerial y por la exposici\u00f3n del Gobierno nacional a los audios que denunciaban presuntas coimas en la ANDIS.<\/p>\n\n\n\n<p>Si bien&nbsp;<strong>la sombra del esc\u00e1ndalo sigue presente<\/strong>, dej\u00f3 de dominar la agenda medi\u00e1tica ya que el foco de la atenci\u00f3n se desplaz\u00f3 hacia las elecciones del pr\u00f3ximo domingo en la provincia de Buenos Aires.<\/p>\n\n\n\n<p>Este movimiento le permiti\u00f3 a Petri&nbsp;<strong>dejar atr\u00e1s el silencio<\/strong>&nbsp;y proyectar agenda propia en Mendoza. Por ahora, la ventaja es el calendario: las elecciones nacionales son el 27 de octubre. Sin embargo, cualquier novedad sobre el caso de las supuestas coimas podr\u00eda arrastrar el esc\u00e1ndalo de vuelta al centro de la escena.<\/p>\n\n\n\n<p>Petri hizo menci\u00f3n al esc\u00e1ndalo que sacudi\u00f3 al gobierno nacional en las redes sociales.\u00a0<em>\u201cM\u00e1s que nunca, La Libertad Avanza o Argentina retrocede. Durante un a\u00f1o y medio buscaron desestabilizar al Gobierno de Javier Milei con piedras, palos y marchas fallidas. Los violentos fueron derrotados por la ley y el orden. Ahora buscan la desestabilizaci\u00f3n con fines electorales desde la inteligencia ilegal y el espionaje, pero se van a encontrar otra vez con la ley. Terminar con las mafias y las operaciones de espionaje ilegal es imprescindible para cuidar la Rep\u00fablica\u201d,<\/em>\u00a0escribi\u00f3 en su cuenta de la red social X.<\/p>\n\n\n\n<p><strong>Fuente: www.elsol.com.ar<\/strong><\/p>\n","protected":false},"excerpt":{"rendered":"<p>Luis Petri ensaya su relanzamiento pol\u00edtico en Mendoza en un delicado momento para el oficialismo nacional. Este viernes por la tarde encabezar\u00e1 en&nbsp;San Mart\u00edn&nbsp;la presentaci\u00f3n del&nbsp;Programa Integral para la Eficiencia H\u00eddrica Intrafinca y el Fortalecimiento Productivo, un evento institucional que funciona como&nbsp;primer gesto de campa\u00f1a local. La actividad, programada para las 17 en la Escuela [&hellip;]<\/p>\n","protected":false},"author":2,"featured_media":14619,"comment_status":"open","ping_status":"open","sticky":false,"template":"","format":"standard","meta":[],"categories":[47],"tags":[],"_links":{"self":[{"href":"https:\/\/pasaenmendoza.com\/index.php?rest_route=\/wp\/v2\/posts\/14618"}],"collection":[{"href":"https:\/\/pasaenmendoza.com\/index.php?rest_route=\/wp\/v2\/posts"}],"about":[{"href":"https:\/\/pasaenmendoza.com\/index.php?rest_route=\/wp\/v2\/types\/post"}],"author":[{"embeddable":true,"href":"https:\/\/pasaenmendoza.com\/index.php?rest_route=\/wp\/v2\/users\/2"}],"replies":[{"embeddable":true,"href":"https:\/\/pasaenmendoza.com\/index.php?rest_route=%2Fwp%2Fv2%2Fcomments&post=14618"}],"version-history":[{"count":1,"href":"https:\/\/pasaenmendoza.com\/index.php?rest_route=\/wp\/v2\/posts\/14618\/revisions"}],"predecessor-version":[{"id":14620,"href":"https:\/\/pasaenmendoza.com\/index.php?rest_route=\/wp\/v2\/posts\/14618\/revisions\/14620"}],"wp:featuredmedia":[{"embeddable":true,"href":"https:\/\/pasaenmendoza.com\/index.php?rest_route=\/wp\/v2\/media\/14619"}],"wp:attachment":[{"href":"https:\/\/pasaenmendoza.com\/index.php?rest_route=%2Fwp%2Fv2%2Fmedia&parent=14618"}],"wp:term":[{"taxonomy":"category","embeddable":true,"href":"https:\/\/pasaenmendoza.com\/index.php?rest_route=%2Fwp%2Fv2%2Fcategories&post=14618"},{"taxonomy":"post_tag","embeddable":true,"href":"https:\/\/pasaenmendoza.com\/index.php?rest_route=%2Fwp%2Fv2%2Ftags&post=14618"}],"curies":[{"name":"wp","href":"https:\/\/api.w.org\/{rel}","templated":true}]}}