{"id":14621,"date":"2025-09-08T22:06:52","date_gmt":"2025-09-08T20:06:52","guid":{"rendered":"https:\/\/pasaenmendoza.com\/?p=14621"},"modified":"2025-09-08T22:06:53","modified_gmt":"2025-09-08T20:06:53","slug":"vuelve-el-viento-zonda-cuando-y-que-zonas-afectara","status":"publish","type":"post","link":"https:\/\/pasaenmendoza.com\/?p=14621","title":{"rendered":"Vuelve el viento Zonda: cu\u00e1ndo y qu\u00e9 zonas afectar\u00e1"},"content":{"rendered":"\n<p>El&nbsp;<strong>pron\u00f3stico<\/strong>&nbsp;de la Direcci\u00f3n de Contingencias Clim\u00e1ticas de Mendoza indica la presencia de&nbsp;<strong>viento Zonda<\/strong>&nbsp;en algunos departamentos y se acent\u00faa la circulaci\u00f3n de viento sur en casi toda la provincia. El fen\u00f3meno continuar\u00e1 hasta el mi\u00e9rcoles.<\/p>\n\n\n\n<p>Defensa Civil comunic\u00f3 que se registrar\u00e1n r\u00e1fagas d\u00e9biles de&nbsp;<strong>viento Zonda<\/strong>&nbsp;en toda la precordillera.&nbsp;<em>\u201cDesde las 11 horas se puede registrar en Malarg\u00fce, extendi\u00e9ndose hacia el Sur de Malarg\u00fce y Sur del Valle de Uco desde las 15 hasta las 21 horas\u201d<\/em>, expresa el comunicado oficial.<\/p>\n\n\n\n<p><em>\u201cCirculaci\u00f3n de viento leve del sur, desde las 11 hasta las 19 horas, afectando zona Este, zona Sur, zona Norte y probablemente Gran Mendoza\u201d<\/em>, agregan desde Defensa Civil para este lunes.<\/p>\n\n\n\n<p>El martes se registrar\u00e1&nbsp;<strong>viento Zonda<\/strong>&nbsp;leve desde temprano (5 am) en precordillera.&nbsp;<em>\u201cDesde las 13 horas en Malarg\u00fce, Sur de Malarg\u00fce y Sur del Valle de Uco, con velocidades promedio de 45 km\/h. Puede afectar levemente el Valle de Uspallata hasta las 21 horas\u201d<\/em>, expresa el pron\u00f3stico de Defensa Civil y agrega:&nbsp;<em>\u201cViento norte desde las 11 horas hasta medianoche, afectando principalmente franja Este provincial (zonas Norte y Sur), persistiendo en La Paz hasta la madrugada del mi\u00e9rcoles\u201d<\/em>.<\/p>\n\n\n\n<p>El mi\u00e9rcoles se registrar\u00e1 viento Zonda desde la madrugada (3 am) en precordillera, extendi\u00e9ndose a Malarg\u00fce, Valle de Uco y probablemente Gran Mendoza desde las 5 am.<br>Est\u00e1 pronosticado el ingreso de un frente fr\u00edo con viento sur importante (45-50 km\/h) desde las 9 horas en zona Sur, alcanzando zona Norte, Este y Gran Mendoza a las 11 horas persistiendo hasta las 20 horas.<\/p>\n\n\n\n<p><strong>Fuente: www.elsol.com.ar<\/strong><\/p>\n","protected":false},"excerpt":{"rendered":"<p>El&nbsp;pron\u00f3stico&nbsp;de la Direcci\u00f3n de Contingencias Clim\u00e1ticas de Mendoza indica la presencia de&nbsp;viento Zonda&nbsp;en algunos departamentos y se acent\u00faa la circulaci\u00f3n de viento sur en casi toda la provincia. El fen\u00f3meno continuar\u00e1 hasta el mi\u00e9rcoles. Defensa Civil comunic\u00f3 que se registrar\u00e1n r\u00e1fagas d\u00e9biles de&nbsp;viento Zonda&nbsp;en toda la precordillera.&nbsp;\u201cDesde las 11 horas se puede registrar en Malarg\u00fce, [&hellip;]<\/p>\n","protected":false},"author":2,"featured_media":14622,"comment_status":"open","ping_status":"open","sticky":false,"template":"","format":"standard","meta":[],"categories":[52],"tags":[],"_links":{"self":[{"href":"https:\/\/pasaenmendoza.com\/index.php?rest_route=\/wp\/v2\/posts\/14621"}],"collection":[{"href":"https:\/\/pasaenmendoza.com\/index.php?rest_route=\/wp\/v2\/posts"}],"about":[{"href":"https:\/\/pasaenmendoza.com\/index.php?rest_route=\/wp\/v2\/types\/post"}],"author":[{"embeddable":true,"href":"https:\/\/pasaenmendoza.com\/index.php?rest_route=\/wp\/v2\/users\/2"}],"replies":[{"embeddable":true,"href":"https:\/\/pasaenmendoza.com\/index.php?rest_route=%2Fwp%2Fv2%2Fcomments&post=14621"}],"version-history":[{"count":1,"href":"https:\/\/pasaenmendoza.com\/index.php?rest_route=\/wp\/v2\/posts\/14621\/revisions"}],"predecessor-version":[{"id":14623,"href":"https:\/\/pasaenmendoza.com\/index.php?rest_route=\/wp\/v2\/posts\/14621\/revisions\/14623"}],"wp:featuredmedia":[{"embeddable":true,"href":"https:\/\/pasaenmendoza.com\/index.php?rest_route=\/wp\/v2\/media\/14622"}],"wp:attachment":[{"href":"https:\/\/pasaenmendoza.com\/index.php?rest_route=%2Fwp%2Fv2%2Fmedia&parent=14621"}],"wp:term":[{"taxonomy":"category","embeddable":true,"href":"https:\/\/pasaenmendoza.com\/index.php?rest_route=%2Fwp%2Fv2%2Fcategories&post=14621"},{"taxonomy":"post_tag","embeddable":true,"href":"https:\/\/pasaenmendoza.com\/index.php?rest_route=%2Fwp%2Fv2%2Ftags&post=14621"}],"curies":[{"name":"wp","href":"https:\/\/api.w.org\/{rel}","templated":true}]}}