{"id":14624,"date":"2025-09-08T22:14:12","date_gmt":"2025-09-08T20:14:12","guid":{"rendered":"https:\/\/pasaenmendoza.com\/?p=14624"},"modified":"2025-09-08T22:14:13","modified_gmt":"2025-09-08T20:14:13","slug":"una-moto-choco-contra-una-pared-aplasto-a-una-nina-de-3-anos-y-la-mato","status":"publish","type":"post","link":"https:\/\/pasaenmendoza.com\/?p=14624","title":{"rendered":"Una moto choc\u00f3 contra una pared, aplast\u00f3 a una ni\u00f1a de 3 a\u00f1os y la mat\u00f3"},"content":{"rendered":"\n<p>Una tarde de dolor y desesperaci\u00f3n se vivi\u00f3 este lunes en el barrio Lihu\u00e9 de Guaymall\u00e9n, donde una ni\u00f1a de 3 a\u00f1os perdi\u00f3 la vida tras ser aplastada por una pared que fue impactada por una moto que termin\u00f3 incrustada en su casa. El hecho a las 15 en una vivienda ubicada en calle Col\u00f3n casi Virgen de las Nieves, y es investigado como homicidio culposo.<\/p>\n\n\n\n<p>De acuerdo con la reconstrucci\u00f3n policial y judicial, la menor se encontraba dentro del inmueble cuando la moto marca Guerrero 110cc, que circulaba por la zona, perdi\u00f3 el control y se\u00a0<strong>estrell\u00f3 contra el cierre perimetral de ladrillos y adobe<\/strong>.\u00a0<strong>La estructura cedi\u00f3 y cay\u00f3 sobre la peque\u00f1a.<\/strong><\/p>\n\n\n\n<p>Testigos relataron que en ese momento se encontraban dentro de la vivienda la madre de la v\u00edctima y una t\u00eda, quienes escucharon un estruendo en el patio delantero. Al salir, hallaron a la ni\u00f1a gravemente herida.<\/p>\n\n\n\n<p>De inmediato la mam\u00e1 la traslad\u00f3 hasta el Hospital Humberto Notti,&nbsp;<strong>pero pese al esfuerzo m\u00e9dico, los profesionales confirmaron su fallecimiento poco despu\u00e9s del ingreso.<\/strong><\/p>\n\n\n\n<p>El conductor de la moto, de 28 a\u00f1os, estaba acompa\u00f1ado por su pareja al momento del accidente. Seg\u00fan su versi\u00f3n, ven\u00eda circulando por calle Virgen de las Nieves hacia el este cuando un veh\u00edculo particular lo habr\u00eda chocado, provocando que perdiera el control y terminara contra la vivienda.<\/p>\n\n\n\n<p><strong>El hombre intent\u00f3 retirar la moto del lugar mientras era increpado y agredido por familiares de la v\u00edctima<\/strong>, aunque no sufri\u00f3 lesiones.<\/p>\n\n\n\n<p>Personal de la Comisar\u00eda 31\u00aa y otros efectivos trabajaron en el lugar bajo supervisi\u00f3n de la Oficina Fiscal N\u00b01 de Guaymall\u00e9n.<strong>&nbsp;El Ministerio P\u00fablico dispuso el traslado del motociclista a la Comisar\u00eda 25\u00aa en calidad de aprehendido<\/strong>&nbsp;y orden\u00f3 la intervenci\u00f3n de Polic\u00eda Cient\u00edfica para realizar las pericias correspondientes.<\/p>\n\n\n\n<p>El caso, explicaron fuentes judiciales, deber\u00e1 determinar las responsabilidades en torno al hecho y establecer si, adem\u00e1s del conductor del rodado menor, intervino efectivamente otro veh\u00edculo en el accidente que deriv\u00f3 en la muerte de la ni\u00f1a.<\/p>\n\n\n\n<p><strong>Fuente: www.elsol.com.ar<\/strong><\/p>\n","protected":false},"excerpt":{"rendered":"<p>Una tarde de dolor y desesperaci\u00f3n se vivi\u00f3 este lunes en el barrio Lihu\u00e9 de Guaymall\u00e9n, donde una ni\u00f1a de 3 a\u00f1os perdi\u00f3 la vida tras ser aplastada por una pared que fue impactada por una moto que termin\u00f3 incrustada en su casa. El hecho a las 15 en una vivienda ubicada en calle Col\u00f3n [&hellip;]<\/p>\n","protected":false},"author":2,"featured_media":14625,"comment_status":"open","ping_status":"open","sticky":false,"template":"","format":"standard","meta":[],"categories":[48],"tags":[],"_links":{"self":[{"href":"https:\/\/pasaenmendoza.com\/index.php?rest_route=\/wp\/v2\/posts\/14624"}],"collection":[{"href":"https:\/\/pasaenmendoza.com\/index.php?rest_route=\/wp\/v2\/posts"}],"about":[{"href":"https:\/\/pasaenmendoza.com\/index.php?rest_route=\/wp\/v2\/types\/post"}],"author":[{"embeddable":true,"href":"https:\/\/pasaenmendoza.com\/index.php?rest_route=\/wp\/v2\/users\/2"}],"replies":[{"embeddable":true,"href":"https:\/\/pasaenmendoza.com\/index.php?rest_route=%2Fwp%2Fv2%2Fcomments&post=14624"}],"version-history":[{"count":1,"href":"https:\/\/pasaenmendoza.com\/index.php?rest_route=\/wp\/v2\/posts\/14624\/revisions"}],"predecessor-version":[{"id":14626,"href":"https:\/\/pasaenmendoza.com\/index.php?rest_route=\/wp\/v2\/posts\/14624\/revisions\/14626"}],"wp:featuredmedia":[{"embeddable":true,"href":"https:\/\/pasaenmendoza.com\/index.php?rest_route=\/wp\/v2\/media\/14625"}],"wp:attachment":[{"href":"https:\/\/pasaenmendoza.com\/index.php?rest_route=%2Fwp%2Fv2%2Fmedia&parent=14624"}],"wp:term":[{"taxonomy":"category","embeddable":true,"href":"https:\/\/pasaenmendoza.com\/index.php?rest_route=%2Fwp%2Fv2%2Fcategories&post=14624"},{"taxonomy":"post_tag","embeddable":true,"href":"https:\/\/pasaenmendoza.com\/index.php?rest_route=%2Fwp%2Fv2%2Ftags&post=14624"}],"curies":[{"name":"wp","href":"https:\/\/api.w.org\/{rel}","templated":true}]}}