{"id":14627,"date":"2025-09-08T22:19:49","date_gmt":"2025-09-08T20:19:49","guid":{"rendered":"https:\/\/pasaenmendoza.com\/?p=14627"},"modified":"2025-09-08T22:19:50","modified_gmt":"2025-09-08T20:19:50","slug":"amo-lo-que-hago-la-bombera-herida-en-el-incendio-en-la-feria","status":"publish","type":"post","link":"https:\/\/pasaenmendoza.com\/?p=14627","title":{"rendered":"&#8220;Amo lo que hago&#8221;, la bombera herida en el incendio en la Feria"},"content":{"rendered":"\n<p>La oficial de Bomberos de la Polic\u00eda de Mendoza<strong>\u00a0Estela Tello<\/strong>\u00a0fue dada de alta,\u00a0luego del accidente sufrido cuando sofocaban las llamas en el\u00a0<strong>Mercado Cooperativo de Guaymall\u00e9n<\/strong>\u00a0el pasado s\u00e1bado, que dej\u00f3 como saldo\u00a0<strong>6 galpones<\/strong>\u00a0destruidos. El hecho ocurri\u00f3 cuando, en medio del operativo,\u00a0<strong>un port\u00f3n colaps\u00f3 y la alcanz\u00f3<\/strong>\u00a0mientras coordinaba el ingreso de sus compa\u00f1eros.<\/p>\n\n\n\n<p>En di\u00e1logo con &#8220;<strong>Ten\u00e9s que saberlo&#8221; con Gabriel Conte y equipo<\/strong>, por<em>&nbsp;Radio Post FM 92.1<\/em>, Tello relat\u00f3 c\u00f3mo fueron esos segundos de tensi\u00f3n en el accidente.&nbsp;<\/p>\n\n\n\n<p><em>En el momento que nos encontr\u00e1bamos trabajando en el galp\u00f3n, en una de las naves,<strong>\u00a0\u00edbamos a proceder a ingresar<\/strong>, en eso me moviliz\u00f3 para poder mover una vez las l\u00edneas, as\u00ed mis compa\u00f1eros pueden hacer el ingreso, de espalda al port\u00f3n.<strong>\u00a0Sent\u00ed los gritos, cuando me levant\u00e9 ya fue demasiado tarde y me aplast\u00f3 el port\u00f3n.<\/strong>\u00a0<strong>Trabajo en Bomberos del Cuartel Central, de Ciudad&#8221;<\/strong><\/em>, cont\u00f3.<\/p>\n\n\n\n<p>La bombera fue trasladada r\u00e1pidamente y asistida por<strong>&nbsp;personal de salud<\/strong>, a quienes justamente destac\u00f3.&nbsp;<em>&#8220;Me hicieron todos los estudios, el personal m\u00e9dico la verdad que se port\u00f3 excelente, tambi\u00e9n el personal policial, las coberturas, me hicieron todos los tratamientos correspondientes, y&nbsp;<strong>gracias a Dios, ninguna fractura, solamente dolores&#8221;<\/strong><\/em>, detall\u00f3 con alivio.<\/p>\n\n\n\n<p>Tello revel\u00f3 que el incendio presentaba dificultades desde el inicio, ya que las llamas se expandieron por varias naves y el estado de la estructura\u00a0<strong>no permit\u00eda el ingreso inmediato:<\/strong>\u00a0<em>&#8220;Cuando llegamos hab\u00eda abundante fuego en varias naves, pero no se pod\u00eda ingresar porque no sab\u00edamos c\u00f3mo se encontraba el techo en ese momento.\u00a0<strong>Se trabaj\u00f3 desde afuera con varias l\u00edneas<\/strong>, tanto con personal de bomberos voluntarios de Guaymall\u00e9n, la verdad que se pudo hacer un buen trabajo en equipo con todo el personal de bomberos voluntarios que se encontraban&#8221;.<\/em><\/p>\n\n\n\n<p>&#8220;De a poco se fue apagando desde afuera hacia adentro, se fue controlando la situaci\u00f3n, pero\u00a0<strong>en el momento donde ya estaban por hacer el primer ingreso, fue donde colapsa el techo y cay\u00f3 el port\u00f3n de mi lado&#8221;<\/strong>,agreg\u00f3 respecto al momento exacto de su accidente.\u00a0<\/p>\n\n\n\n<p>En referencia al lugar donde se produjo el incendio, la oficial coment\u00f3 que se produjo en la<strong>&nbsp;zona del fondo de la Feria y revel\u00f3&nbsp;<\/strong>que la parte en donde est\u00e1n los feriantes afortunadamente no se vio afectada, aunque marc\u00f3 que el hecho podr\u00eda haber sido mucho&nbsp;<strong>m\u00e1s grave<\/strong>:&nbsp;<em>&#8220;Yo no soy de la zona, conozco obviamente porque hemos andado por el lugar, pero la verdad que<strong>&nbsp;s\u00ed que podr\u00eda haber sido mucho mayor si no se hubiera trabajado de la forma que se trabaj\u00f3<\/strong>, con Defensa Civil, los camiones hidrantes, la verdad que un gran esfuerzo y muy buena comunicaci\u00f3n entre todo el personal para poder lograr controlar la situaci\u00f3n&#8221;.<\/em><\/p>\n\n\n\n<p><em>\u00a0&#8220;No estuve en el lugar hasta el final porque me trasladaron,<strong>\u00a0he le\u00eddo solamente lo que los diarios comunican, nada m\u00e1s&#8221;<\/strong>,\u00a0<\/em>confes\u00f3 acerca de cu\u00e1les fueron los da\u00f1os totales que hubo en el lugar.<\/p>\n\n\n\n<p>Con m\u00e1s de 15 a\u00f1os de servicio en&nbsp;<strong>Bomberos del Cuartel Central en Ciudad de Mendoza<\/strong>, Estela asegura que la capacitaci\u00f3n permanente es clave para enfrentar las emergencias.&nbsp;&#8220;<em><strong>La capacitaci\u00f3n es constante,&nbsp;<\/strong>es todo el tiempo estarse preparando, capacitaciones para saber c\u00f3mo trabajar porque todo va avanzando, as\u00ed que est\u00e1 bueno&#8221;.&nbsp;<\/em><\/p>\n\n\n\n<p><em><strong>&#8220;He tenido otros accidentes durante toda la carrera, la verdad que en un incendio tambi\u00e9n se me cay\u00f3 parte de un techo<\/strong>, tambi\u00e9n fue complicado. Uno trata de cuidarse lo m\u00e1s que puede, pero son cosas que a veces se escapan un poco de las manos&#8221;<\/em>, reconoci\u00f3 acerca de otros incidentes de los que ha sido v\u00edcitima debido a los<strong>\u00a0riesgos<\/strong>\u00a0inherentes de su trabajo como bombera voluntaria.<\/p>\n\n\n\n<p>M\u00e1s all\u00e1 de esta situaci\u00f3n que le toc\u00f3 vivir, Tello concluy\u00f3 reafirmando que su vocaci\u00f3n se sostiene intacta y que su deseo es<strong>\u00a0reincorporarse cuanto antes<\/strong>.\u00a0<em>&#8220;Me encanta lo que hago,<\/em><strong>\u00a0<em>es mi pasi\u00f3n<\/em><\/strong><em><strong>. Mi pap\u00e1 fue bombero, mi hermana tambi\u00e9n. Para m\u00ed es una herencia familiar<\/strong>\u00a0y una manera de devolverle a la comunidad todo lo bueno. Nadie est\u00e1 exento de que pasen estas cosas, pero espero volver pronto y recuperada&#8221;,\u00a0<\/em>expres\u00f3 con convicci\u00f3n.\u00a0<\/p>\n\n\n\n<p><strong>Fuente: www.mendozapost.com<\/strong><\/p>\n","protected":false},"excerpt":{"rendered":"<p>La oficial de Bomberos de la Polic\u00eda de Mendoza\u00a0Estela Tello\u00a0fue dada de alta,\u00a0luego del accidente sufrido cuando sofocaban las llamas en el\u00a0Mercado Cooperativo de Guaymall\u00e9n\u00a0el pasado s\u00e1bado, que dej\u00f3 como saldo\u00a06 galpones\u00a0destruidos. El hecho ocurri\u00f3 cuando, en medio del operativo,\u00a0un port\u00f3n colaps\u00f3 y la alcanz\u00f3\u00a0mientras coordinaba el ingreso de sus compa\u00f1eros. En di\u00e1logo con &#8220;Ten\u00e9s [&hellip;]<\/p>\n","protected":false},"author":2,"featured_media":14628,"comment_status":"open","ping_status":"open","sticky":false,"template":"","format":"standard","meta":[],"categories":[48],"tags":[],"_links":{"self":[{"href":"https:\/\/pasaenmendoza.com\/index.php?rest_route=\/wp\/v2\/posts\/14627"}],"collection":[{"href":"https:\/\/pasaenmendoza.com\/index.php?rest_route=\/wp\/v2\/posts"}],"about":[{"href":"https:\/\/pasaenmendoza.com\/index.php?rest_route=\/wp\/v2\/types\/post"}],"author":[{"embeddable":true,"href":"https:\/\/pasaenmendoza.com\/index.php?rest_route=\/wp\/v2\/users\/2"}],"replies":[{"embeddable":true,"href":"https:\/\/pasaenmendoza.com\/index.php?rest_route=%2Fwp%2Fv2%2Fcomments&post=14627"}],"version-history":[{"count":1,"href":"https:\/\/pasaenmendoza.com\/index.php?rest_route=\/wp\/v2\/posts\/14627\/revisions"}],"predecessor-version":[{"id":14629,"href":"https:\/\/pasaenmendoza.com\/index.php?rest_route=\/wp\/v2\/posts\/14627\/revisions\/14629"}],"wp:featuredmedia":[{"embeddable":true,"href":"https:\/\/pasaenmendoza.com\/index.php?rest_route=\/wp\/v2\/media\/14628"}],"wp:attachment":[{"href":"https:\/\/pasaenmendoza.com\/index.php?rest_route=%2Fwp%2Fv2%2Fmedia&parent=14627"}],"wp:term":[{"taxonomy":"category","embeddable":true,"href":"https:\/\/pasaenmendoza.com\/index.php?rest_route=%2Fwp%2Fv2%2Fcategories&post=14627"},{"taxonomy":"post_tag","embeddable":true,"href":"https:\/\/pasaenmendoza.com\/index.php?rest_route=%2Fwp%2Fv2%2Ftags&post=14627"}],"curies":[{"name":"wp","href":"https:\/\/api.w.org\/{rel}","templated":true}]}}