{"id":1463,"date":"2023-09-14T16:05:19","date_gmt":"2023-09-14T14:05:19","guid":{"rendered":"https:\/\/pasaenmendoza.com\/?p=1463"},"modified":"2023-09-14T16:05:20","modified_gmt":"2023-09-14T14:05:20","slug":"devolucion-del-iva-como-es-el-reintegro-y-cuanto-tarda-en-acreditarse","status":"publish","type":"post","link":"https:\/\/pasaenmendoza.com\/?p=1463","title":{"rendered":"Devoluci\u00f3n del IVA: c\u00f3mo es el reintegro y cu\u00e1nto tarda en acreditarse"},"content":{"rendered":"\n<p><strong>Sergio Massa<\/strong>, Ministro de Econom\u00eda, anunci\u00f3 un nuevo programa que busca beneficiar a\u00a0<strong>jubilados<\/strong>,\u00a0<strong>monotributistas\u00a0<\/strong>y\u00a0<strong>trabajadores<\/strong>, a trav\u00e9s de la devoluci\u00f3n de\u00a0<strong>IVA<\/strong>. Este beneficio se centra en la compra sin IVA de productos que formen parte de la<strong>\u00a0Canasta B\u00e1sica<\/strong>, del cual se reintegrar\u00e1 el 21 por ciento del pago, con un tope y siempre y cuando se cumpla con un requisito.<\/p>\n\n\n\n<p>Durante la jornada del mi\u00e9rcoles,\u00a0<strong>Sergio Massa<\/strong>\u00a0confirm\u00f3 la creaci\u00f3n de este nuevo programa de compras sin\u00a0<strong>IVA<\/strong>, todo en contexto del anuncio de los n\u00fameros de la inflaci\u00f3n del mes de agosto, que marc\u00f3 un nuevo n\u00famero r\u00e9cord hist\u00f3rico. A partir del lunes, trabajadores, jubilados y monotributistas que no paguen ganancias, podr\u00e1n acceder al beneficio siempre y cuando\u00a0<strong>paguen con tarjeta de d\u00e9bito<\/strong>.<\/p>\n\n\n\n<h2 class=\"wp-block-heading\">Qui\u00e9nes pueden recibir la devoluci\u00f3n de IVA<\/h2>\n\n\n\n<p>El beneficio del programa de devoluci\u00f3n de IVA alcanza a los siguientes grupos:<\/p>\n\n\n\n<ul>\n<li>Jubilados y jubiladas<\/li>\n\n\n\n<li>Titulares de la Asignaci\u00f3n Universal por Hijo (AUH)<\/li>\n\n\n\n<li>Trabajadores en relaci\u00f3n de dependencia<\/li>\n\n\n\n<li>Monotributistas<\/li>\n\n\n\n<li>Trabajadores de casas particulares<\/li>\n<\/ul>\n\n\n\n<h2 class=\"wp-block-heading\">C\u00f3mo se reintegra la devoluci\u00f3n de IVA<\/h2>\n\n\n\n<p>Este programa de devoluci\u00f3n del 21% de IVA, el cual alcanza a 9 millones de trabajadores, recibir\u00e1 el reintegro de la compra realizada la compra con la tarjeta de d\u00e9bito por hasta $18.800 a lo largo del mes.<\/p>\n\n\n\n<p>El beneficio est\u00e1 destinado para la<strong>&nbsp;compra alimentos y productos de higiene personal de la canasta b\u00e1sica<\/strong>, con un tope de $18.800 mensuales.<\/p>\n\n\n\n<h2 class=\"wp-block-heading\">Cu\u00e1nto tarda en acreditarse la devoluci\u00f3n del IVA<\/h2>\n\n\n\n<p>Dentro de los detalles vinculados al nuevo programa de\u00a0<strong>devoluci\u00f3n del IVA<\/strong>, Sergio Massa confirm\u00f3 que el reintegro se hace en un lapso de 48 horas.<\/p>\n\n\n\n<p>Esta devoluci\u00f3n va a darse seg\u00fan las compras que se realicen, ya sea a lo largo del mes, o en un solo d\u00eda.<\/p>\n\n\n\n<h2 class=\"wp-block-heading\">Cu\u00e1ndo comienza a funcionar la devoluci\u00f3n del IVA<\/h2>\n\n\n\n<p>Si bien el anuncio del programa de la&nbsp;<strong>devoluci\u00f3n del IVA&nbsp;<\/strong>fue durante la jornada del mi\u00e9rcoles, a\u00fan no comienza a regirse.<\/p>\n\n\n\n<p>Este beneficio de reintegro del 21%, con tope de 18 mil mensual,\u00a0<strong>comenzar\u00e1 a funcionar desde el lunes 18 de septiembre.<\/strong><\/p>\n\n\n\n<p><strong>Fuente: www.diariouno.com.ar<\/strong><\/p>\n","protected":false},"excerpt":{"rendered":"<p>Sergio Massa, Ministro de Econom\u00eda, anunci\u00f3 un nuevo programa que busca beneficiar a\u00a0jubilados,\u00a0monotributistas\u00a0y\u00a0trabajadores, a trav\u00e9s de la devoluci\u00f3n de\u00a0IVA. Este beneficio se centra en la compra sin IVA de productos que formen parte de la\u00a0Canasta B\u00e1sica, del cual se reintegrar\u00e1 el 21 por ciento del pago, con un tope y siempre y cuando se cumpla [&hellip;]<\/p>\n","protected":false},"author":2,"featured_media":1464,"comment_status":"open","ping_status":"open","sticky":false,"template":"","format":"standard","meta":[],"categories":[49],"tags":[],"_links":{"self":[{"href":"https:\/\/pasaenmendoza.com\/index.php?rest_route=\/wp\/v2\/posts\/1463"}],"collection":[{"href":"https:\/\/pasaenmendoza.com\/index.php?rest_route=\/wp\/v2\/posts"}],"about":[{"href":"https:\/\/pasaenmendoza.com\/index.php?rest_route=\/wp\/v2\/types\/post"}],"author":[{"embeddable":true,"href":"https:\/\/pasaenmendoza.com\/index.php?rest_route=\/wp\/v2\/users\/2"}],"replies":[{"embeddable":true,"href":"https:\/\/pasaenmendoza.com\/index.php?rest_route=%2Fwp%2Fv2%2Fcomments&post=1463"}],"version-history":[{"count":1,"href":"https:\/\/pasaenmendoza.com\/index.php?rest_route=\/wp\/v2\/posts\/1463\/revisions"}],"predecessor-version":[{"id":1465,"href":"https:\/\/pasaenmendoza.com\/index.php?rest_route=\/wp\/v2\/posts\/1463\/revisions\/1465"}],"wp:featuredmedia":[{"embeddable":true,"href":"https:\/\/pasaenmendoza.com\/index.php?rest_route=\/wp\/v2\/media\/1464"}],"wp:attachment":[{"href":"https:\/\/pasaenmendoza.com\/index.php?rest_route=%2Fwp%2Fv2%2Fmedia&parent=1463"}],"wp:term":[{"taxonomy":"category","embeddable":true,"href":"https:\/\/pasaenmendoza.com\/index.php?rest_route=%2Fwp%2Fv2%2Fcategories&post=1463"},{"taxonomy":"post_tag","embeddable":true,"href":"https:\/\/pasaenmendoza.com\/index.php?rest_route=%2Fwp%2Fv2%2Ftags&post=1463"}],"curies":[{"name":"wp","href":"https:\/\/api.w.org\/{rel}","templated":true}]}}