{"id":14639,"date":"2025-09-09T00:39:56","date_gmt":"2025-09-08T22:39:56","guid":{"rendered":"https:\/\/pasaenmendoza.com\/?p=14639"},"modified":"2025-09-09T00:39:56","modified_gmt":"2025-09-08T22:39:56","slug":"anses-pagara-la-compensacion-economica-quienes-la-reciben-y-como-sera-el-cronograma","status":"publish","type":"post","link":"https:\/\/pasaenmendoza.com\/?p=14639","title":{"rendered":"ANSES pagar\u00e1 la compensaci\u00f3n econ\u00f3mica: qui\u00e9nes la reciben y c\u00f3mo ser\u00e1 el cronograma"},"content":{"rendered":"\n<p>La\u00a0<strong>ANSES<\/strong>\u00a0anunci\u00f3 que esta semana comenzar\u00e1 a pagar una\u00a0<strong>compensaci\u00f3n econ\u00f3mica<\/strong>\u00a0destinada a los jubilados y pensionados que cobran la m\u00ednima o montos cercanos a ella. La medida busca preservar el\u00a0<strong>poder adquisitivo<\/strong>\u00a0de uno de los sectores m\u00e1s afectados en los \u00faltimos a\u00f1os.<\/p>\n\n\n\n<p>El bono, establecido por el gobierno de\u00a0<strong>Javier Milei<\/strong>, tiene un valor de\u00a0<strong>$70.000<\/strong>\u00a0y se comenzar\u00e1 a abonar desde el lunes 8 de septiembre, siguiendo un cronograma seg\u00fan la terminaci\u00f3n del DNI de cada beneficiario. Desde ANSES indicaron que esta ayuda se mantendr\u00e1 hasta fin de a\u00f1o y se espera que en 2026\u00a0se renueve con un monto superior.<\/p>\n\n\n\n<p><strong>Montos a cobrar con la\u00a0compensaci\u00f3n econ\u00f3mica<\/strong><\/p>\n\n\n\n<p><strong>Jubilados que perciben la m\u00ednima:<\/strong>&nbsp;$390.277,17<\/p>\n\n\n\n<p><strong>Pensi\u00f3n Universal para el Adulto Mayor (PUAM):<\/strong>&nbsp;$326.221,74<\/p>\n\n\n\n<p><strong>Pensi\u00f3n No Contributiva por Invalidez y Pensi\u00f3n por Vejez:<\/strong>&nbsp;$294.194,02<\/p>\n\n\n\n<p><strong>Pensi\u00f3n Madre de 7 hijos:<\/strong>&nbsp;$390.277,17<\/p>\n\n\n\n<p><strong>Fechas de pago de septiembre 2025<\/strong><\/p>\n\n\n\n<p><em>Jubilados y pensionados que cobran la m\u00ednima:<\/em><\/p>\n\n\n\n<p>DNI terminados en 0: 8 de septiembre<\/p>\n\n\n\n<p>DNI terminados en 1: 9 de septiembre<\/p>\n\n\n\n<p>DNI terminados en 2: 10 de septiembre<\/p>\n\n\n\n<p>DNI terminados en 3: 11 de septiembre<\/p>\n\n\n\n<p>DNI terminados en 4: 12 de septiembre<\/p>\n\n\n\n<p>DNI terminados en 5: 15 de septiembre<\/p>\n\n\n\n<p>DNI terminados en 6: 16 de septiembre<\/p>\n\n\n\n<p>DNI terminados en 7: 17 de septiembre<\/p>\n\n\n\n<p>DNI terminados en 8: 18 de septiembre<\/p>\n\n\n\n<p>DNI terminados en 9: 19 de septiembre<\/p>\n\n\n\n<p><em>Jubilados y pensionados que superan la m\u00ednima:<\/em><\/p>\n\n\n\n<p>DNI terminados en 0 y 1: 22 de septiembre<\/p>\n\n\n\n<p>DNI terminados en 2 y 3: 23 de septiembre<\/p>\n\n\n\n<p>DNI terminados en 4 y 5: 24 de septiembre<\/p>\n\n\n\n<p>DNI terminados en 6 y 7: 25 de septiembre<\/p>\n\n\n\n<p>DNI terminados en 8 y 9: 26 de septiembre<\/p>\n\n\n\n<p>Con esta medida, ANSES busca\u00a0<strong>garantizar la estabilidad econ\u00f3mica de los adultos mayores<\/strong>, asegurando que no pierdan capacidad de compra frente a la inflaci\u00f3n y reforzando la protecci\u00f3n social de los jubilados y pensionados m\u00e1s vulnerables.<\/p>\n\n\n\n<p><strong>Fuente: www.diariomendoza.com.ar<\/strong><\/p>\n","protected":false},"excerpt":{"rendered":"<p>La\u00a0ANSES\u00a0anunci\u00f3 que esta semana comenzar\u00e1 a pagar una\u00a0compensaci\u00f3n econ\u00f3mica\u00a0destinada a los jubilados y pensionados que cobran la m\u00ednima o montos cercanos a ella. La medida busca preservar el\u00a0poder adquisitivo\u00a0de uno de los sectores m\u00e1s afectados en los \u00faltimos a\u00f1os. El bono, establecido por el gobierno de\u00a0Javier Milei, tiene un valor de\u00a0$70.000\u00a0y se comenzar\u00e1 a abonar [&hellip;]<\/p>\n","protected":false},"author":2,"featured_media":14640,"comment_status":"open","ping_status":"open","sticky":false,"template":"","format":"standard","meta":[],"categories":[57],"tags":[],"_links":{"self":[{"href":"https:\/\/pasaenmendoza.com\/index.php?rest_route=\/wp\/v2\/posts\/14639"}],"collection":[{"href":"https:\/\/pasaenmendoza.com\/index.php?rest_route=\/wp\/v2\/posts"}],"about":[{"href":"https:\/\/pasaenmendoza.com\/index.php?rest_route=\/wp\/v2\/types\/post"}],"author":[{"embeddable":true,"href":"https:\/\/pasaenmendoza.com\/index.php?rest_route=\/wp\/v2\/users\/2"}],"replies":[{"embeddable":true,"href":"https:\/\/pasaenmendoza.com\/index.php?rest_route=%2Fwp%2Fv2%2Fcomments&post=14639"}],"version-history":[{"count":1,"href":"https:\/\/pasaenmendoza.com\/index.php?rest_route=\/wp\/v2\/posts\/14639\/revisions"}],"predecessor-version":[{"id":14641,"href":"https:\/\/pasaenmendoza.com\/index.php?rest_route=\/wp\/v2\/posts\/14639\/revisions\/14641"}],"wp:featuredmedia":[{"embeddable":true,"href":"https:\/\/pasaenmendoza.com\/index.php?rest_route=\/wp\/v2\/media\/14640"}],"wp:attachment":[{"href":"https:\/\/pasaenmendoza.com\/index.php?rest_route=%2Fwp%2Fv2%2Fmedia&parent=14639"}],"wp:term":[{"taxonomy":"category","embeddable":true,"href":"https:\/\/pasaenmendoza.com\/index.php?rest_route=%2Fwp%2Fv2%2Fcategories&post=14639"},{"taxonomy":"post_tag","embeddable":true,"href":"https:\/\/pasaenmendoza.com\/index.php?rest_route=%2Fwp%2Fv2%2Ftags&post=14639"}],"curies":[{"name":"wp","href":"https:\/\/api.w.org\/{rel}","templated":true}]}}