{"id":14642,"date":"2025-09-09T00:42:31","date_gmt":"2025-09-08T22:42:31","guid":{"rendered":"https:\/\/pasaenmendoza.com\/?p=14642"},"modified":"2025-09-09T00:42:32","modified_gmt":"2025-09-08T22:42:32","slug":"el-peronismo-mendocino-se-ilusiona-con-volver-al-gol-tras-el-cotejo-bonaerense","status":"publish","type":"post","link":"https:\/\/pasaenmendoza.com\/?p=14642","title":{"rendered":"El peronismo mendocino se ilusiona con volver al &#8220;gol&#8221; tras el cotejo bonaerense"},"content":{"rendered":"\n<p>No es f\u00e1cil alegrarse siendo peronista en Mendoza. En la \u00faltima docena de elecciones viene perdiendo consecutivamente y la posibilidad del<strong>&nbsp;&#8220;descenso&#8221;<\/strong>&nbsp;la vio en la \u00faltima en que se eligi\u00f3 gobernador, en donde tuvo su piso hist\u00f3rico.<\/p>\n\n\n\n<p>De all\u00ed que, desde la tribuna, ayer festejara animadamente el triunfo de su partido en&nbsp;<strong>Buenos Aires<\/strong>. Lo hicieron todos, sin diferenciarse entre partidarios de&nbsp;<strong>Axel Kicillof&nbsp;<\/strong>(aqu\u00ed ese espacio lo lidera<strong>&nbsp;Mart\u00edn Aveiro<\/strong>), de&nbsp;<strong>Cristina Kirchner y La C\u00e1mpora o de Sergio Massa.<\/strong><\/p>\n\n\n\n<p>Al conocerse los resultados bonaerenses, el primer candidato de Fuerza Justicialista Mendoza,<strong>&nbsp;Emir F\u00e9lix<\/strong>, hizo una reflexi\u00f3n sobre los que perdieron, m\u00e1s que sobre el triunfo de sus cercanos. Dijo:<em>&nbsp;&#8220;La elecci\u00f3n de Buenos Aires es la clara muestra del descontento de la poblaci\u00f3n con el ajuste, la p\u00e9rdida de empleo, la falta de rumbo econ\u00f3mico y la violencia&#8221;.&nbsp;<\/em><\/p>\n\n\n\n<p>Agreg\u00f3 luego que &#8220;<em>los argentinos est\u00e1n tomando nota de la crueldad del gobierno nacional y lo hacen saber en las urnas&#8221;.<\/em>&nbsp;Y le dio un mensaje a la Casa Rosada: &#8220;<em>El presidente debe actuar con responsabilidad y modificar inmediatamente el rumbo&#8221;<\/em>. Seguidamente, pas\u00f3 el aviso propio:&nbsp;<em>&#8220;En Mendoza sumamos fuerzas para ponerle un l\u00edmite a&nbsp;<strong>Javier Milei&#8221;.<\/strong><\/em><\/p>\n\n\n\n<p>La camporista Marisa Uceda, segunda en la lista detr\u00e1s del sanrafaelino, fue m\u00e1s informal a la hora de celebrar:&nbsp;<em>&#8220;El pueblo habl\u00f3 en PBA Fuerza Patria gana porque la gente se cans\u00f3 de los gritos, de perder laburo, de que se metan con m\u00e9dicos y docentes, de que el sueldo no alcance y de que castiguen a los jubilados&#8221;<\/em>. Antes hab\u00eda posteado im\u00e1genes m\u00edsticas de&nbsp;<strong>Cristina Kirchner<\/strong>&nbsp;en el balc\u00f3n de su domicilio &#8211; prisi\u00f3n en San Jos\u00e9 1111 de CABA.<\/p>\n\n\n\n<p>Tambi\u00e9n trat\u00f3 de llevar agua para su molino, cuando sostuvo: &#8220;El 26\/10 vamos a ponerle un l\u00edmite a este gobierno de crueles en todo el pa\u00eds&#8221;. Y tir\u00f3 una chicana de cierre en una posdata:&nbsp;<em>&#8220;Los clavos \u00fasenlos para hacer la obra p\u00fablica que han dejado abandonada en todo el pa\u00eds&#8221;.<\/em><\/p>\n\n\n\n<p>El tercero de esa lista es el intendente\u00a0<strong>Mat\u00edas Stevanato<\/strong>, de Maip\u00fa, quien no se subi\u00f3 a la &#8220;kicillofneta&#8221;, sino que felicit\u00f3 a los verdaderos protagonistas. Poste\u00f3, olvidando mencionar directamente a M\u00e1ximo Kirchner:<em>\u00a0&#8220;Quiero felicitar a Axel Kicillof, Sergio Massa y a todos quienes hicieron posible el triunfo de Fuerza Patria en la provincia de Buenos Aires. Gracias al trabajo colectivo logramos la unidad, el camino indispensable para esta victoria. Este es un gran paso para poner un l\u00edmite al gobierno nacional&#8221;.<\/em><\/p>\n\n\n\n<p>Fuente: www.memo.com.ar<\/p>\n","protected":false},"excerpt":{"rendered":"<p>No es f\u00e1cil alegrarse siendo peronista en Mendoza. En la \u00faltima docena de elecciones viene perdiendo consecutivamente y la posibilidad del&nbsp;&#8220;descenso&#8221;&nbsp;la vio en la \u00faltima en que se eligi\u00f3 gobernador, en donde tuvo su piso hist\u00f3rico. De all\u00ed que, desde la tribuna, ayer festejara animadamente el triunfo de su partido en&nbsp;Buenos Aires. Lo hicieron todos, [&hellip;]<\/p>\n","protected":false},"author":2,"featured_media":0,"comment_status":"open","ping_status":"open","sticky":false,"template":"","format":"standard","meta":[],"categories":[47],"tags":[],"_links":{"self":[{"href":"https:\/\/pasaenmendoza.com\/index.php?rest_route=\/wp\/v2\/posts\/14642"}],"collection":[{"href":"https:\/\/pasaenmendoza.com\/index.php?rest_route=\/wp\/v2\/posts"}],"about":[{"href":"https:\/\/pasaenmendoza.com\/index.php?rest_route=\/wp\/v2\/types\/post"}],"author":[{"embeddable":true,"href":"https:\/\/pasaenmendoza.com\/index.php?rest_route=\/wp\/v2\/users\/2"}],"replies":[{"embeddable":true,"href":"https:\/\/pasaenmendoza.com\/index.php?rest_route=%2Fwp%2Fv2%2Fcomments&post=14642"}],"version-history":[{"count":1,"href":"https:\/\/pasaenmendoza.com\/index.php?rest_route=\/wp\/v2\/posts\/14642\/revisions"}],"predecessor-version":[{"id":14644,"href":"https:\/\/pasaenmendoza.com\/index.php?rest_route=\/wp\/v2\/posts\/14642\/revisions\/14644"}],"wp:attachment":[{"href":"https:\/\/pasaenmendoza.com\/index.php?rest_route=%2Fwp%2Fv2%2Fmedia&parent=14642"}],"wp:term":[{"taxonomy":"category","embeddable":true,"href":"https:\/\/pasaenmendoza.com\/index.php?rest_route=%2Fwp%2Fv2%2Fcategories&post=14642"},{"taxonomy":"post_tag","embeddable":true,"href":"https:\/\/pasaenmendoza.com\/index.php?rest_route=%2Fwp%2Fv2%2Ftags&post=14642"}],"curies":[{"name":"wp","href":"https:\/\/api.w.org\/{rel}","templated":true}]}}