{"id":14645,"date":"2025-09-09T17:17:42","date_gmt":"2025-09-09T15:17:42","guid":{"rendered":"https:\/\/pasaenmendoza.com\/?p=14645"},"modified":"2025-09-09T17:17:43","modified_gmt":"2025-09-09T15:17:43","slug":"la-fiesta-nacional-de-la-vendimia-2026-ya-tiene-sus-fechas-confirmadas-el-calendario-completo","status":"publish","type":"post","link":"https:\/\/pasaenmendoza.com\/?p=14645","title":{"rendered":"La Fiesta Nacional de la Vendimia 2026 ya tiene sus fechas confirmadas: el calendario completo"},"content":{"rendered":"\n<p>Mendoza ya palpita la llegada de su celebraci\u00f3n m\u00e1s emblem\u00e1tica. La Fiesta de la Vendimia 2026 se perfila como una edici\u00f3n hist\u00f3rica, al conmemorar sus&nbsp;<strong>90 a\u00f1os de historia<\/strong>. La Subsecretar\u00eda de Cultura ha confirmado el calendario oficial de los festejos, que prometen deleitar a locales y turistas por igual.<\/p>\n\n\n\n<p>El programa dar\u00e1 inicio el\u00a0<strong>s\u00e1bado 28 de febrero<\/strong>\u00a0con la emotiva\u00a0<strong>Bendici\u00f3n de los Frutos<\/strong>, una ceremonia que agradece la cosecha y marca el comienzo formal de las actividades vendimiales.<\/p>\n\n\n\n<p>El siguiente fin de semana ser\u00e1 el cl\u00edmax de la celebraci\u00f3n. El\u00a0<strong>viernes 6 de marzo<\/strong>, las calles de la capital se iluminar\u00e1n con el desfile de la\u00a0<strong>V\u00eda Blanca de las Reinas<\/strong>, un espect\u00e1culo de carrozas y reinas departamentales. Al d\u00eda siguiente, el\u00a0<strong>s\u00e1bado 7 de marzo<\/strong>, ser\u00e1 la jornada central. Por la ma\u00f1ana, el ic\u00f3nico\u00a0<strong>Carrusel<\/strong>\u00a0recorrer\u00e1 la ciudad, y por la noche, el\u00a0<strong>Acto Central<\/strong>\u00a0en el Teatro Griego Frank Romero Day deslumbrar\u00e1 al p\u00fablico con un show que contar\u00e1 con la participaci\u00f3n de mil artistas.<\/p>\n\n\n\n<p>Finalmente, el\u00a0<strong>domingo 8 de marzo<\/strong>\u00a0tendr\u00e1 lugar la\u00a0<strong>primera y \u00fanica repetici\u00f3n<\/strong>\u00a0del Acto Central, ofreciendo una \u00faltima oportunidad para quienes deseen revivir o presenciar el gran espect\u00e1culo. Con este calendario confirmado, Mendoza se prepara para celebrar su herencia cultural y vitivin\u00edcola en una edici\u00f3n que quedar\u00e1 grabada en la memoria colectiva.<\/p>\n\n\n\n<h2 class=\"wp-block-heading\" id=\"h-el-calendario-oficial\">El Calendario Oficial<\/h2>\n\n\n\n<p>Las festividades comenzar\u00e1n oficialmente con la&nbsp;<strong>Bendici\u00f3n de los Frutos<\/strong>&nbsp;el s\u00e1bado 28 de febrero, una ceremonia que a\u00fan no tiene lugar definido. Este evento da inicio a una serie de actos que culminar\u00e1n la semana siguiente:<\/p>\n\n\n\n<ul>\n<li>El&nbsp;<strong>viernes 6 de marzo<\/strong>&nbsp;se llevar\u00e1 a cabo la&nbsp;<strong>V\u00eda Blanca de las Reinas<\/strong>, un desfile nocturno que recorre las principales calles de la Ciudad de Mendoza.<\/li>\n\n\n\n<li>El&nbsp;<strong>s\u00e1bado 7 de marzo<\/strong>&nbsp;ser\u00e1 el d\u00eda principal, con el tradicional&nbsp;<strong>Carrusel<\/strong>&nbsp;por la ma\u00f1ana y el majestuoso&nbsp;<strong>Acto Central<\/strong>&nbsp;en el Teatro Griego Frank Romero Day por la noche. El espect\u00e1culo del Acto Central contar\u00e1 con la participaci\u00f3n de m\u00e1s de mil artistas.<\/li>\n\n\n\n<li>El&nbsp;<strong>domingo 8 de marzo<\/strong>&nbsp;se realizar\u00e1 la&nbsp;<strong>\u00fanica repetici\u00f3n<\/strong>&nbsp;del Acto Central.<\/li>\n<\/ul>\n\n\n\n<p><strong>Fuente: www.elsol.com.ar<\/strong><\/p>\n","protected":false},"excerpt":{"rendered":"<p>Mendoza ya palpita la llegada de su celebraci\u00f3n m\u00e1s emblem\u00e1tica. La Fiesta de la Vendimia 2026 se perfila como una edici\u00f3n hist\u00f3rica, al conmemorar sus&nbsp;90 a\u00f1os de historia. La Subsecretar\u00eda de Cultura ha confirmado el calendario oficial de los festejos, que prometen deleitar a locales y turistas por igual. El programa dar\u00e1 inicio el\u00a0s\u00e1bado 28 [&hellip;]<\/p>\n","protected":false},"author":2,"featured_media":14646,"comment_status":"open","ping_status":"open","sticky":false,"template":"","format":"standard","meta":[],"categories":[74],"tags":[],"_links":{"self":[{"href":"https:\/\/pasaenmendoza.com\/index.php?rest_route=\/wp\/v2\/posts\/14645"}],"collection":[{"href":"https:\/\/pasaenmendoza.com\/index.php?rest_route=\/wp\/v2\/posts"}],"about":[{"href":"https:\/\/pasaenmendoza.com\/index.php?rest_route=\/wp\/v2\/types\/post"}],"author":[{"embeddable":true,"href":"https:\/\/pasaenmendoza.com\/index.php?rest_route=\/wp\/v2\/users\/2"}],"replies":[{"embeddable":true,"href":"https:\/\/pasaenmendoza.com\/index.php?rest_route=%2Fwp%2Fv2%2Fcomments&post=14645"}],"version-history":[{"count":1,"href":"https:\/\/pasaenmendoza.com\/index.php?rest_route=\/wp\/v2\/posts\/14645\/revisions"}],"predecessor-version":[{"id":14647,"href":"https:\/\/pasaenmendoza.com\/index.php?rest_route=\/wp\/v2\/posts\/14645\/revisions\/14647"}],"wp:featuredmedia":[{"embeddable":true,"href":"https:\/\/pasaenmendoza.com\/index.php?rest_route=\/wp\/v2\/media\/14646"}],"wp:attachment":[{"href":"https:\/\/pasaenmendoza.com\/index.php?rest_route=%2Fwp%2Fv2%2Fmedia&parent=14645"}],"wp:term":[{"taxonomy":"category","embeddable":true,"href":"https:\/\/pasaenmendoza.com\/index.php?rest_route=%2Fwp%2Fv2%2Fcategories&post=14645"},{"taxonomy":"post_tag","embeddable":true,"href":"https:\/\/pasaenmendoza.com\/index.php?rest_route=%2Fwp%2Fv2%2Ftags&post=14645"}],"curies":[{"name":"wp","href":"https:\/\/api.w.org\/{rel}","templated":true}]}}