{"id":14654,"date":"2025-09-09T17:37:59","date_gmt":"2025-09-09T15:37:59","guid":{"rendered":"https:\/\/pasaenmendoza.com\/?p=14654"},"modified":"2025-09-09T17:38:00","modified_gmt":"2025-09-09T15:38:00","slug":"mercado-pago-se-metio-en-la-salud-asi-funciona-dr-virtual-el-servicio-medico-online-que-ya-fue-criticado-en-mendoza","status":"publish","type":"post","link":"https:\/\/pasaenmendoza.com\/?p=14654","title":{"rendered":"Mercado Pago se meti\u00f3 en la salud: as\u00ed funciona Dr. Virtual, el servicio m\u00e9dico online que ya fue criticado en Mendoza"},"content":{"rendered":"\n<p>El gigante fintech&nbsp;<strong>Mercado Pago&nbsp;<\/strong>desembarc\u00f3 en el sector salud con el lanzamiento de&nbsp;<strong>Dr. Virtual<\/strong>, un servicio de atenci\u00f3n m\u00e9dica online que promete&nbsp;<strong>consultas cl\u00ednicas ilimitadas las 24 horas<\/strong>, sin traslados ni demoras, por un abono mensual de&nbsp;<strong>$4.990<\/strong>. Sin embargo, la iniciativa recibi\u00f3 cr\u00edticas organizaciones m\u00e9dicas Mendoza al tildarla de&nbsp;<em><strong>\u201cfalta de regulaci\u00f3n\u201d&nbsp;<\/strong><\/em>y de un&nbsp;<strong>impacto&nbsp;<em>\u201cnegativo\u201d&nbsp;<\/em><\/strong>en la calidad del acto m\u00e9dico.<\/p>\n\n\n\n<p>El servicio ya se encuentra activo en la secci\u00f3n<em>\u00a0\u201c<strong>Seguros y Asistencias<\/strong>\u201d<\/em>\u00a0de la app de\u00a0<strong>Mercado Pago<\/strong>\u00a0y\u00a0<strong>no requiere gastos adicionales<\/strong>\u00a0m\u00e1s all\u00e1 de la suscripci\u00f3n mensual. Lo llamativo e innovador, es que no se trata de una prepaga ni obra social, sino de un servicio privado de asistencia m\u00e9dica digital.<\/p>\n\n\n\n<p>La llegada de la empresa fundada por&nbsp;<strong>Marcos Galperin<\/strong>, como era de esperarse, no fue bien recibida en la provincia. Incluso,&nbsp;<strong>Jos\u00e9 Lodovico Palma<\/strong>, presidente del&nbsp;<strong>C\u00edrculo M\u00e9dico de Mendoza<\/strong>, cuestion\u00f3 la propuesta y asegur\u00f3 que se trata de una iniciativa que carece de toda&nbsp;<em>\u201c\u00e9tica profesional\u201d<\/em>.<\/p>\n\n\n\n<p><em>\u201cManifestamos nuestra profunda preocupaci\u00f3n por la proliferaci\u00f3n de servicios m\u00e9dico-asistenciales promovidos por plataformas financieras, como es este caso. No est\u00e1n supervisados por autoridades sanitarias y eluden la responsabilidad \u00e9tica y jur\u00eddica del acto m\u00e9dico\u201d<\/em>, aclar\u00f3 en di\u00e1logo con<em>\u00a0El Sol<\/em>.<\/p>\n\n\n\n<p>El especialista alert\u00f3 tambi\u00e9n sobre la\u00a0<strong>precarizaci\u00f3n laboral de los profesionales<\/strong>, la falta de\u00a0<strong>representaci\u00f3n gremial<\/strong>\u00a0y la<em>\u00a0\u201cfragmentaci\u00f3n\u201d\u00a0<\/em>del sistema de salud que estas plataformas generan, al priorizar el consumo r\u00e1pido por sobre el seguimiento cl\u00ednico integral.<\/p>\n\n\n\n<p><em>\u201cLos m\u00e9dicos que participan en estas modalidades carecen de representaci\u00f3n gremial, protecci\u00f3n legal y respaldo institucional. Estas propuestas favorecen la tercerizaci\u00f3n, la precarizaci\u00f3n laboral y la p\u00e9rdida de autonom\u00eda profesional\u201d<\/em>, ejemplific\u00f3.<\/p>\n\n\n\n<p>Desde la entidad m\u00e9dica exigieron avanzar con la creaci\u00f3n de un&nbsp;<strong>Colegio de M\u00e9dicos en Mendoza<\/strong>&nbsp;y establecer la&nbsp;<strong>colegiaci\u00f3n obligatoria<\/strong>, como herramienta para regular la actividad profesional en entornos digitales.<\/p>\n\n\n\n<h2 class=\"wp-block-heading\" id=\"h-la-situacion-de-los-certificados-nbsp\">La situaci\u00f3n de los certificados&nbsp;<\/h2>\n\n\n\n<p>Aunque usuarios en redes destacaron que los m\u00e9dicos que atienden por\u00a0<strong>Dr. Virtual\u00a0<\/strong>cuentan con\u00a0<strong>matr\u00edcula habilitada y pueden emitir certificados m\u00e9dicos<\/strong>,\u00a0<strong>algunos empleadores no los reconocen<\/strong>\u00a0como v\u00e1lidos para justificar ausencias laborales. Esto dej\u00f3 en evidencia un\u00a0<em>\u201c<strong>gris legal\u201d<\/strong>\u00a0<\/em>sobre la validez de estos documentos en el \u00e1mbito formal.<\/p>\n\n\n\n<p>Lo llamativo es que, en comparaci\u00f3n, una\u00a0<strong>consulta m\u00e9dica particular ronda en la actualidad los $30.000<\/strong>, seg\u00fan el\u00a0<strong>Colegio M\u00e9dico<\/strong>, lo que posiciona a<strong>\u00a0Dr. Virtual\u00a0<\/strong>como una\u00a0<strong>alternativa low-cost<\/strong>, especialmente para usuarios j\u00f3venes o familias sin obra social.<\/p>\n\n\n\n<p>Con este lanzamiento,&nbsp;<strong>Marcos Galperin<\/strong>&nbsp;apunt\u00f3 a captar a usuarios que&nbsp;<strong>no tienen cobertura m\u00e9dica o que buscan una opci\u00f3n m\u00e1s accesible y r\u00e1pida<\/strong>&nbsp;que el sistema tradicional.<\/p>\n\n\n\n<h2 class=\"wp-block-heading\" id=\"h-que-es-dr-virtual\">\u00bfQu\u00e9 es Dr. Virtual?<\/h2>\n\n\n\n<p>Se trata de una\u00a0<strong>asistencia m\u00e9dica digital<\/strong>\u00a0de\u00a0<strong>Mercado Pago<\/strong>, desarrollado en conjunto con\u00a0<strong>DoctoRed<\/strong>, una empresa privada de salud. A trav\u00e9s de la app, los usuarios pueden acceder a:<\/p>\n\n\n\n<ul>\n<li><strong>Consultas cl\u00ednicas generales ilimitadas<\/strong>&nbsp;por videollamada, disponibles las 24 horas, todos los d\u00edas.<\/li>\n\n\n\n<li><strong>Recetas electr\u00f3nicas<\/strong>&nbsp;v\u00e1lidas para farmacias.<\/li>\n\n\n\n<li><strong>Turnos programados con psic\u00f3logos, nutricionistas y dermat\u00f3logos<\/strong>.<\/li>\n\n\n\n<li><strong>Cartilla m\u00e9dica con m\u00e1s de 40.000 prestadores<\/strong>, incluyendo instituciones reconocidas como Sanatorio de la Trinidad, CEMIC, Finocchietto y Stamboulian.<\/li>\n\n\n\n<li>La posibilidad de&nbsp;<strong>compartir una consulta cl\u00ednica mensual<\/strong>&nbsp;con otra persona, sin necesidad de demostrar parentesco.<\/li>\n<\/ul>\n\n\n\n<p>Si bien despert\u00f3 la pol\u00e9mica a nivel nacional y en la provincia, desde el sector reconocieron que<strong>\u00a0el modelo de Dr. Virtual no es nuevo<\/strong>. En pa\u00edses como\u00a0<strong>Estados Unidos<\/strong>, plataformas como\u00a0<strong>Teladoc Health<\/strong>\u00a0ofrecen servicios similares de salud digital, con atenci\u00f3n las 24 horas, recetas online y acceso a especialistas, todo desde el celular.<\/p>\n\n\n\n<p><strong>Fuente: www.elsol.com.ar<\/strong><\/p>\n","protected":false},"excerpt":{"rendered":"<p>El gigante fintech&nbsp;Mercado Pago&nbsp;desembarc\u00f3 en el sector salud con el lanzamiento de&nbsp;Dr. Virtual, un servicio de atenci\u00f3n m\u00e9dica online que promete&nbsp;consultas cl\u00ednicas ilimitadas las 24 horas, sin traslados ni demoras, por un abono mensual de&nbsp;$4.990. Sin embargo, la iniciativa recibi\u00f3 cr\u00edticas organizaciones m\u00e9dicas Mendoza al tildarla de&nbsp;\u201cfalta de regulaci\u00f3n\u201d&nbsp;y de un&nbsp;impacto&nbsp;\u201cnegativo\u201d&nbsp;en la calidad del acto [&hellip;]<\/p>\n","protected":false},"author":2,"featured_media":14655,"comment_status":"open","ping_status":"open","sticky":false,"template":"","format":"standard","meta":[],"categories":[50],"tags":[],"_links":{"self":[{"href":"https:\/\/pasaenmendoza.com\/index.php?rest_route=\/wp\/v2\/posts\/14654"}],"collection":[{"href":"https:\/\/pasaenmendoza.com\/index.php?rest_route=\/wp\/v2\/posts"}],"about":[{"href":"https:\/\/pasaenmendoza.com\/index.php?rest_route=\/wp\/v2\/types\/post"}],"author":[{"embeddable":true,"href":"https:\/\/pasaenmendoza.com\/index.php?rest_route=\/wp\/v2\/users\/2"}],"replies":[{"embeddable":true,"href":"https:\/\/pasaenmendoza.com\/index.php?rest_route=%2Fwp%2Fv2%2Fcomments&post=14654"}],"version-history":[{"count":1,"href":"https:\/\/pasaenmendoza.com\/index.php?rest_route=\/wp\/v2\/posts\/14654\/revisions"}],"predecessor-version":[{"id":14656,"href":"https:\/\/pasaenmendoza.com\/index.php?rest_route=\/wp\/v2\/posts\/14654\/revisions\/14656"}],"wp:featuredmedia":[{"embeddable":true,"href":"https:\/\/pasaenmendoza.com\/index.php?rest_route=\/wp\/v2\/media\/14655"}],"wp:attachment":[{"href":"https:\/\/pasaenmendoza.com\/index.php?rest_route=%2Fwp%2Fv2%2Fmedia&parent=14654"}],"wp:term":[{"taxonomy":"category","embeddable":true,"href":"https:\/\/pasaenmendoza.com\/index.php?rest_route=%2Fwp%2Fv2%2Fcategories&post=14654"},{"taxonomy":"post_tag","embeddable":true,"href":"https:\/\/pasaenmendoza.com\/index.php?rest_route=%2Fwp%2Fv2%2Ftags&post=14654"}],"curies":[{"name":"wp","href":"https:\/\/api.w.org\/{rel}","templated":true}]}}