{"id":1466,"date":"2023-09-14T16:09:39","date_gmt":"2023-09-14T14:09:39","guid":{"rendered":"https:\/\/pasaenmendoza.com\/?p=1466"},"modified":"2023-09-14T16:09:39","modified_gmt":"2023-09-14T14:09:39","slug":"docentes-secundarios-de-uspallata-y-malargue-podran-jubilarse-de-forma-anticipada","status":"publish","type":"post","link":"https:\/\/pasaenmendoza.com\/?p=1466","title":{"rendered":"Docentes secundarios de Uspallata y Malarg\u00fce podr\u00e1n jubilarse de forma anticipada"},"content":{"rendered":"\n<p>La Administraci\u00f3n Nacional de la Seguridad Social (<strong>ANSES<\/strong>) sum\u00f3 a los docentes secundarios de\u00a0<strong>Uspallata y Malarg\u00fce\u00a0<\/strong>al\u00a0<strong>r\u00e9gimen jubilatorio de frontera,\u00a0<\/strong>anunci\u00f3 la directora ejecutiva del organismo,\u00a0<strong>Fernanda Raverta.<\/strong><\/p>\n\n\n\n<p>De esta manera, todos los docentes uspallatinos y malarg\u00fcinos que posean&nbsp;<strong>25 a\u00f1os de servicios<\/strong>&nbsp;pueden tramitar su jubilaci\u00f3n en las oficinas de ANSES de la provincia,<strong>&nbsp;sin importar la edad.<\/strong><\/p>\n\n\n\n<p>Este beneficio ya lo ten\u00edan los docentes de escuelas del nivel primario o preprimario o de establecimientos de ense\u00f1anza diferenciada. Ahora<strong>\u00a0se suman los de la escuela secundaria.<\/strong><\/p>\n\n\n\n<h2 class=\"wp-block-heading\">El anuncio de ANSES para docentes de Uspallata y Malarg\u00fce<\/h2>\n\n\n\n<p><strong>&#8220;Es un orgullo saldar esta deuda con los docentes secundarios y equiparar un derecho que ten\u00edan los docentes de nivel inicial y primario&#8221;,<\/strong>&nbsp;expres\u00f3 Fernanda Raverta, titular de la Administraci\u00f3n Nacional de Seguridad Social (ANSES).<\/p>\n\n\n\n<p>&#8220;Como Estado nacional vamos a seguir trabajando y escuchando las necesidades de los argentinos para convertirlas en m\u00e1s derechos, tal como hacemos con los chicos de la AUH, los trabajadores y con los adultos mayores con la moratoria, a quienes se les reconoce el esfuerzo de toda una vida con una jubilaci\u00f3n&#8221;.<\/p>\n\n\n\n<p><strong>Mendoza se suma as\u00ed a Jujuy, Salta, Catamarca, La Rioja, San Juan y R\u00edo Negro,\u00a0<\/strong>cuyos dos mil docentes secundarios de 97 establecimientos est\u00e1n en condiciones de ser alcanzados por este r\u00e9gimen.<\/p>\n\n\n\n<p>Actualmente los requisitos que deben reunir los docentes para jubilarse son tener 60 a\u00f1os los hombres, 57 a\u00f1os las mujeres y 30 a\u00f1os de servicios, reduci\u00e9ndose a 25 a\u00f1os si 10 de ellos, continuos o discontinuos, han sido al frente de alumnos.<\/p>\n\n\n\n<p>Los servicios en escuelas de ubicaci\u00f3n muy desfavorable o de educaci\u00f3n especial se computar\u00e1n 4 a\u00f1os por cada 3 de servicios efectivos.<\/p>\n\n\n\n<h2 class=\"wp-block-heading\">Raverta acompa\u00f1ada por dirigentes mendocinos<\/h2>\n\n\n\n<p>Acompa\u00f1aron a Raverta la senadora nacional mendocina Anabel Fern\u00e1ndez Sagasti el senador provincial y candidato a vicegobernador Lucas Ilardo, ambos referencias en el kirchnerismo mendocino.<\/p>\n\n\n\n<p>Tambi\u00e9n estuvieron los representantes del Sindicato Unido de Trabajadores de la Educaci\u00f3n (SUTE), Carina Sedano y Gustavo Correa m\u00e1s el jefe de la regional Cuyo, Carlos Gallo.<\/p>\n\n\n\n<p><strong>&#8220;Las y los docentes secundarios fueron incluidos en el r\u00e9gimen de frontera, que les permite jubilarse de manera anticipada con 25 a\u00f1os de aportes. Ratificamos as\u00ed nuestro compromiso de seguir fortaleciendo el sistema previsional y ampliando los derechos de los trabajadores&#8221;,<\/strong>&nbsp;expres\u00f3 Sagasti.<\/p>\n","protected":false},"excerpt":{"rendered":"<p>La Administraci\u00f3n Nacional de la Seguridad Social (ANSES) sum\u00f3 a los docentes secundarios de\u00a0Uspallata y Malarg\u00fce\u00a0al\u00a0r\u00e9gimen jubilatorio de frontera,\u00a0anunci\u00f3 la directora ejecutiva del organismo,\u00a0Fernanda Raverta. De esta manera, todos los docentes uspallatinos y malarg\u00fcinos que posean&nbsp;25 a\u00f1os de servicios&nbsp;pueden tramitar su jubilaci\u00f3n en las oficinas de ANSES de la provincia,&nbsp;sin importar la edad. Este beneficio [&hellip;]<\/p>\n","protected":false},"author":2,"featured_media":1467,"comment_status":"open","ping_status":"open","sticky":false,"template":"","format":"standard","meta":[],"categories":[56],"tags":[],"_links":{"self":[{"href":"https:\/\/pasaenmendoza.com\/index.php?rest_route=\/wp\/v2\/posts\/1466"}],"collection":[{"href":"https:\/\/pasaenmendoza.com\/index.php?rest_route=\/wp\/v2\/posts"}],"about":[{"href":"https:\/\/pasaenmendoza.com\/index.php?rest_route=\/wp\/v2\/types\/post"}],"author":[{"embeddable":true,"href":"https:\/\/pasaenmendoza.com\/index.php?rest_route=\/wp\/v2\/users\/2"}],"replies":[{"embeddable":true,"href":"https:\/\/pasaenmendoza.com\/index.php?rest_route=%2Fwp%2Fv2%2Fcomments&post=1466"}],"version-history":[{"count":1,"href":"https:\/\/pasaenmendoza.com\/index.php?rest_route=\/wp\/v2\/posts\/1466\/revisions"}],"predecessor-version":[{"id":1468,"href":"https:\/\/pasaenmendoza.com\/index.php?rest_route=\/wp\/v2\/posts\/1466\/revisions\/1468"}],"wp:featuredmedia":[{"embeddable":true,"href":"https:\/\/pasaenmendoza.com\/index.php?rest_route=\/wp\/v2\/media\/1467"}],"wp:attachment":[{"href":"https:\/\/pasaenmendoza.com\/index.php?rest_route=%2Fwp%2Fv2%2Fmedia&parent=1466"}],"wp:term":[{"taxonomy":"category","embeddable":true,"href":"https:\/\/pasaenmendoza.com\/index.php?rest_route=%2Fwp%2Fv2%2Fcategories&post=1466"},{"taxonomy":"post_tag","embeddable":true,"href":"https:\/\/pasaenmendoza.com\/index.php?rest_route=%2Fwp%2Fv2%2Ftags&post=1466"}],"curies":[{"name":"wp","href":"https:\/\/api.w.org\/{rel}","templated":true}]}}