{"id":14661,"date":"2025-09-09T22:33:29","date_gmt":"2025-09-09T20:33:29","guid":{"rendered":"https:\/\/pasaenmendoza.com\/?p=14661"},"modified":"2025-09-09T22:33:30","modified_gmt":"2025-09-09T20:33:30","slug":"impacto-del-dolar-en-mendoza-aumentos-del-10-y-subas-en-medicamentos","status":"publish","type":"post","link":"https:\/\/pasaenmendoza.com\/?p=14661","title":{"rendered":"Impacto del d\u00f3lar en Mendoza: aumentos del 10% y subas en medicamentos"},"content":{"rendered":"\n<p><strong>La suba del d\u00f3lar\u00a0volvi\u00f3 a trasladarse a los precios en Mendoza,\u00a0<\/strong>reeditando un escenario habitual de la econom\u00eda argentina. Mientras algunos sectores optan por frenar ventas a la espera de una estabilizaci\u00f3n del tipo de cambio, otros ya ajustaron sus listas y remarcan mercader\u00eda.<\/p>\n\n\n\n<p>En la\u00a0<strong>construcci\u00f3n<\/strong>, el movimiento se hizo evidente desde el inicio de la semana. El hierro se encarece un 5% en los pr\u00f3ximos d\u00edas, mientras que productos como la membrana asf\u00e1ltica ya hab\u00edan llegado\u00a0con nuevos valores atados\u00a0al alza de los combustibles. El cemento, que ven\u00eda con subas mensuales del 3%, comenz\u00f3 septiembre con un incremento cercano al 10% en distintos puntos del Gran Mendoza. A esto se suma la estrategia de algunas marcas que modificaron presentaciones, como en el caso de las bolsas de 25 kilos, cuyo precio trep\u00f3 de $4.500 a $5.000 en pocos d\u00edas.<\/p>\n\n\n\n<p>En el sector\u00a0<strong>farmac\u00e9utico<\/strong>, aunque las ventas se mantuvieron estables en las \u00faltimas jornadas, se anticipan listas con aumentos de alrededor del 10%. Las farmacias eval\u00faan c\u00f3mo trasladar los ajustes al mostrador en un contexto en el que tambi\u00e9n pesa el encarecimiento del financiamiento con tarjetas.<\/p>\n\n\n\n<p>La din\u00e1mica de especulaci\u00f3n, remarcaciones y postergaci\u00f3n de ventas configura un escenario en el que el traslado a precios del salto cambiario ya comenz\u00f3 y amenaza con extenderse a m\u00e1s rubros\u00a0en las pr\u00f3ximas semanas.<\/p>\n\n\n\n<p><strong>Fuente: www.diariomendoza.com.ar<\/strong><\/p>\n","protected":false},"excerpt":{"rendered":"<p>La suba del d\u00f3lar\u00a0volvi\u00f3 a trasladarse a los precios en Mendoza,\u00a0reeditando un escenario habitual de la econom\u00eda argentina. Mientras algunos sectores optan por frenar ventas a la espera de una estabilizaci\u00f3n del tipo de cambio, otros ya ajustaron sus listas y remarcan mercader\u00eda. En la\u00a0construcci\u00f3n, el movimiento se hizo evidente desde el inicio de la [&hellip;]<\/p>\n","protected":false},"author":2,"featured_media":14662,"comment_status":"open","ping_status":"open","sticky":false,"template":"","format":"standard","meta":[],"categories":[75],"tags":[],"_links":{"self":[{"href":"https:\/\/pasaenmendoza.com\/index.php?rest_route=\/wp\/v2\/posts\/14661"}],"collection":[{"href":"https:\/\/pasaenmendoza.com\/index.php?rest_route=\/wp\/v2\/posts"}],"about":[{"href":"https:\/\/pasaenmendoza.com\/index.php?rest_route=\/wp\/v2\/types\/post"}],"author":[{"embeddable":true,"href":"https:\/\/pasaenmendoza.com\/index.php?rest_route=\/wp\/v2\/users\/2"}],"replies":[{"embeddable":true,"href":"https:\/\/pasaenmendoza.com\/index.php?rest_route=%2Fwp%2Fv2%2Fcomments&post=14661"}],"version-history":[{"count":1,"href":"https:\/\/pasaenmendoza.com\/index.php?rest_route=\/wp\/v2\/posts\/14661\/revisions"}],"predecessor-version":[{"id":14663,"href":"https:\/\/pasaenmendoza.com\/index.php?rest_route=\/wp\/v2\/posts\/14661\/revisions\/14663"}],"wp:featuredmedia":[{"embeddable":true,"href":"https:\/\/pasaenmendoza.com\/index.php?rest_route=\/wp\/v2\/media\/14662"}],"wp:attachment":[{"href":"https:\/\/pasaenmendoza.com\/index.php?rest_route=%2Fwp%2Fv2%2Fmedia&parent=14661"}],"wp:term":[{"taxonomy":"category","embeddable":true,"href":"https:\/\/pasaenmendoza.com\/index.php?rest_route=%2Fwp%2Fv2%2Fcategories&post=14661"},{"taxonomy":"post_tag","embeddable":true,"href":"https:\/\/pasaenmendoza.com\/index.php?rest_route=%2Fwp%2Fv2%2Ftags&post=14661"}],"curies":[{"name":"wp","href":"https:\/\/api.w.org\/{rel}","templated":true}]}}