{"id":14664,"date":"2025-09-09T22:38:35","date_gmt":"2025-09-09T20:38:35","guid":{"rendered":"https:\/\/pasaenmendoza.com\/?p=14664"},"modified":"2025-09-09T22:38:36","modified_gmt":"2025-09-09T20:38:36","slug":"confirmaron-la-licitacion-para-el-tren-de-cercanias-con-una-inversion-cercana-a-los-us100-millones","status":"publish","type":"post","link":"https:\/\/pasaenmendoza.com\/?p=14664","title":{"rendered":"Confirmaron la licitaci\u00f3n para el Tren de Cercan\u00edas con una inversi\u00f3n cercana a los U$S100 millones"},"content":{"rendered":"\n<p>Tras varios meses de espera, el Gobierno de Mendoza confirm\u00f3 este martes el llamado a\u00a0<strong>licitaci\u00f3n<\/strong>\u00a0p\u00fablica para poner en marcha el\u00a0Tren de Cercan\u00edas, una obra largamente postergada que buscar\u00e1 unir el\u00a0<strong>Gran Mendoza<\/strong>\u00a0con la\u00a0<strong>zona Este\u00a0<\/strong>a trav\u00e9s de la red ferroviaria y que contar\u00e1 con 6 paradas intermedias.<\/p>\n\n\n\n<p>El proyecto comenz\u00f3 a gestarse en 2017 y contempla la recuperaci\u00f3n de v\u00edas existentes, mejoras en estaciones y la incorporaci\u00f3n de material rodante, con un presupuesto estimado en<strong>&nbsp;U$S100 millones<\/strong>.<\/p>\n\n\n\n<p>El convenio que el gobernador<strong>&nbsp;Alfredo Cornejo<\/strong>&nbsp;firm\u00f3 en junio con el secretario de Transporte de la Naci\u00f3n, Luis Pierrini, habilita a la Provincia a usar la&nbsp;<strong>traza del Belgrano Cargas<\/strong>&nbsp;sin abonar canon. En este esquema, Mendoza se har\u00e1 cargo tanto de las obras como de la compra de formaciones, con la posibilidad de sumar aportes privados. Adem\u00e1s, el Ejecutivo provincial tendr\u00e1 la facultad de fijar el cuadro tarifario, tal como ocurre con el resto del&nbsp;<strong>transporte p\u00fablico<\/strong>.<\/p>\n\n\n\n<p>El nuevo servicio abarcar\u00e1\u00a0<strong>32,3 kil\u00f3metros<\/strong>\u00a0entre San Mart\u00edn y Guti\u00e9rrez, con paradas intermedias en Palmira, Barcala, Fray Luis Beltr\u00e1n, Rodeo del Medio, General Ortega y Coquimbito.<\/p>\n\n\n\n<figure class=\"wp-block-image\"><img decoding=\"async\" src=\"https:\/\/media.diariouno.com.ar\/p\/dd8b5cb34286e85a88cd06e286c0ac26\/adjuntos\/298\/imagenes\/009\/574\/0009574275\/1200x0\/smart\/nuevo-tren-cercania-que-unira-maipu-san-martin.jpg\" alt=\"El recorrido que tendr&aacute; el Tren de Cercan&iacute;a.&nbsp;&nbsp;\" title=\"El recorrido que tendr&aacute; el Tren de Cercan&iacute;a.&nbsp;&nbsp;\"\/><\/figure>\n\n\n\n<p>El recorrido que tendr\u00e1 el Tren de Cercan\u00eda.<\/p>\n\n\n\n<p>Adem\u00e1s, se supo que se integrar\u00e1 al&nbsp;<strong>Metrotranv\u00eda<\/strong>&nbsp;y, seg\u00fan c\u00e1lculos oficiales, beneficiar\u00eda de manera directa a unas 300 mil personas del Este mendocino.<\/p>\n\n\n\n<p>En una primera etapa, el objetivo es que los viajes se realicen con una&nbsp;<strong>frecuencia de una hora<\/strong>. M\u00e1s adelante, la flota se ampliar\u00e1 a cuatro formaciones de coche motor para aumentar la regularidad del servicio.<\/p>\n\n\n\n<p>Las obras previstas incluyen la renovaci\u00f3n integral de<strong>&nbsp;v\u00edas<\/strong>, pasos a nivel, sistemas de drenaje, se\u00f1alizaci\u00f3n y refacciones en estaciones. El llamado a licitaci\u00f3n tendr\u00e1 alcance nacional e internacional, con el fin de captar inversiones mixtas para el financiamiento.<\/p>\n\n\n\n<figure class=\"wp-block-image\"><img decoding=\"async\" src=\"https:\/\/media.diariouno.com.ar\/p\/27cb4d4f3a1fa2e883ca456c81dedba7\/adjuntos\/298\/imagenes\/009\/575\/0009575981\/1200x0\/smart\/placa-tren-cercania-1jpg.jpg\" alt=\"\" title=\"\"\/><\/figure>\n\n\n\n<p>Desde Casa de Gobierno remarcaron que el proyecto hab\u00eda quedado frenado durante administraciones anteriores y cuestionaron la falta de avances en los acuerdos con Naci\u00f3n. En esa l\u00ednea, el ministro de Gobierno,<strong>\u00a0Natalio Mema<\/strong>, defendi\u00f3 la decisi\u00f3n actual: \u201cEl tren que hab\u00eda que hacer era este, de San Mart\u00edn a Mendoza, y no al rev\u00e9s\u201d, dijo.<\/p>\n\n\n\n<p><strong>Fuente: www.diariouno.com.ar<\/strong><\/p>\n","protected":false},"excerpt":{"rendered":"<p>Tras varios meses de espera, el Gobierno de Mendoza confirm\u00f3 este martes el llamado a\u00a0licitaci\u00f3n\u00a0p\u00fablica para poner en marcha el\u00a0Tren de Cercan\u00edas, una obra largamente postergada que buscar\u00e1 unir el\u00a0Gran Mendoza\u00a0con la\u00a0zona Este\u00a0a trav\u00e9s de la red ferroviaria y que contar\u00e1 con 6 paradas intermedias. El proyecto comenz\u00f3 a gestarse en 2017 y contempla la [&hellip;]<\/p>\n","protected":false},"author":2,"featured_media":14665,"comment_status":"open","ping_status":"open","sticky":false,"template":"","format":"standard","meta":[],"categories":[111],"tags":[],"_links":{"self":[{"href":"https:\/\/pasaenmendoza.com\/index.php?rest_route=\/wp\/v2\/posts\/14664"}],"collection":[{"href":"https:\/\/pasaenmendoza.com\/index.php?rest_route=\/wp\/v2\/posts"}],"about":[{"href":"https:\/\/pasaenmendoza.com\/index.php?rest_route=\/wp\/v2\/types\/post"}],"author":[{"embeddable":true,"href":"https:\/\/pasaenmendoza.com\/index.php?rest_route=\/wp\/v2\/users\/2"}],"replies":[{"embeddable":true,"href":"https:\/\/pasaenmendoza.com\/index.php?rest_route=%2Fwp%2Fv2%2Fcomments&post=14664"}],"version-history":[{"count":1,"href":"https:\/\/pasaenmendoza.com\/index.php?rest_route=\/wp\/v2\/posts\/14664\/revisions"}],"predecessor-version":[{"id":14666,"href":"https:\/\/pasaenmendoza.com\/index.php?rest_route=\/wp\/v2\/posts\/14664\/revisions\/14666"}],"wp:featuredmedia":[{"embeddable":true,"href":"https:\/\/pasaenmendoza.com\/index.php?rest_route=\/wp\/v2\/media\/14665"}],"wp:attachment":[{"href":"https:\/\/pasaenmendoza.com\/index.php?rest_route=%2Fwp%2Fv2%2Fmedia&parent=14664"}],"wp:term":[{"taxonomy":"category","embeddable":true,"href":"https:\/\/pasaenmendoza.com\/index.php?rest_route=%2Fwp%2Fv2%2Fcategories&post=14664"},{"taxonomy":"post_tag","embeddable":true,"href":"https:\/\/pasaenmendoza.com\/index.php?rest_route=%2Fwp%2Fv2%2Ftags&post=14664"}],"curies":[{"name":"wp","href":"https:\/\/api.w.org\/{rel}","templated":true}]}}