{"id":14667,"date":"2025-09-09T22:44:26","date_gmt":"2025-09-09T20:44:26","guid":{"rendered":"https:\/\/pasaenmendoza.com\/?p=14667"},"modified":"2025-09-09T22:44:27","modified_gmt":"2025-09-09T20:44:27","slug":"zonda-en-malargue-suspendieron-las-clases-presenciales-en-el-vespertino-y-nocturno","status":"publish","type":"post","link":"https:\/\/pasaenmendoza.com\/?p=14667","title":{"rendered":"Zonda en Malarg\u00fce: suspendieron las clases presenciales en el vespertino y nocturno"},"content":{"rendered":"\n<p>La\u00a0<strong>Direcci\u00f3n General de Escuelas (DGE)<\/strong>\u00a0inform\u00f3 que este martes se suspendieron las\u00a0<strong>clases presenciales<\/strong>\u00a0en\u00a0<strong>Malarg\u00fce<\/strong>, debido a la presencia de\u00a0<strong>viento Zonda<\/strong>. La disposici\u00f3n rige para los\u00a0<strong>turnos vespertino y nocturno<\/strong>\u00a0y alcanza a instituciones de\u00a0<strong>todos los niveles y modalidades educativas<\/strong>.<\/p>\n\n\n\n<p>Desde el organismo indicaron que la actividad escolar deber\u00e1 desarrollarse en forma&nbsp;<strong>virtual<\/strong>&nbsp;a trav\u00e9s de la plataforma&nbsp;<strong>Escuela Digital Mendoza<\/strong>. En tanto, confirmaron que en el&nbsp;<strong>resto de la provincia<\/strong>&nbsp;las&nbsp;<strong>escuelas<\/strong>&nbsp;funcionan con&nbsp;<strong>normalidad<\/strong>.<\/p>\n\n\n\n<figure class=\"wp-block-image\"><img decoding=\"async\" src=\"https:\/\/statics.diariomendoza.com.ar\/2025\/09\/crop\/68c087a2c0897__780x780.webp\" alt=\"clases\"\/><figcaption class=\"wp-element-caption\">&nbsp;<\/figcaption><\/figure>\n\n\n\n<h3 class=\"wp-block-heading\"><strong>El pron\u00f3stico del d\u00eda<\/strong><\/h3>\n\n\n\n<p>El martes se presenta con&nbsp;<strong>cielo mayormente soleado<\/strong>&nbsp;y&nbsp;<strong>buen tiempo<\/strong>&nbsp;en Mendoza, aunque varias zonas se encuentran bajo&nbsp;<strong>alerta por la ocurrencia de viento Zonda<\/strong>.<\/p>\n\n\n\n<p>El informe de la&nbsp;<strong>Direcci\u00f3n de Contingencias Clim\u00e1ticas<\/strong>&nbsp;se\u00f1ala para hoy:&nbsp;<em>\u201cPoca nubosidad con ascenso de la temperatura y vientos moderados del noreste. Zonda en Malarg\u00fce. Parcialmente nublado en cordillera. M\u00e1xima 24\u00b0C y m\u00ednima 6\u00b0C\u201d<\/em>.<\/p>\n\n\n\n<p>La probabilidad de&nbsp;<strong>Zonda<\/strong>&nbsp;se extiende tambi\u00e9n a sectores de la&nbsp;<strong>precordillera<\/strong>&nbsp;y del&nbsp;<strong>Valle de Uco<\/strong>, mientras que en el resto del territorio provincial se espera un d\u00eda c\u00e1lido, con temperaturas primaverales.<\/p>\n\n\n\n<h3 class=\"wp-block-heading\"><strong>C\u00f3mo seguir\u00e1 la semana<\/strong><\/h3>\n\n\n\n<p>De acuerdo al pron\u00f3stico extendido, el tiempo en Mendoza tendr\u00e1 las siguientes caracter\u00edsticas:<\/p>\n\n\n\n<ul>\n<li><strong>Mi\u00e9rcoles 10<\/strong>: algo nublado, con poco cambio de la temperatura y&nbsp;<strong>vientos del sudeste<\/strong>. Habr\u00e1&nbsp;<strong>nevadas en cordillera<\/strong>. M\u00e1xima 23\u00b0C &#8211; M\u00ednima 10\u00b0C.<\/li>\n\n\n\n<li><strong>Jueves 11<\/strong>: poca nubosidad, leve descenso de la temperatura y vientos moderados del noreste. M\u00e1xima 22\u00b0C &#8211; M\u00ednima 10\u00b0C.<\/li>\n\n\n\n<li><strong>Viernes 12<\/strong>: poca nubosidad, ascenso de la temperatura y vientos del noreste. M\u00e1xima 24\u00b0C &#8211; M\u00ednima 11\u00b0C.<\/li>\n\n\n\n<li><strong>S\u00e1bado 13<\/strong>: condiciones similares, con nubosidad escasa y poco cambio de la temperatura. M\u00e1xima 24\u00b0C &#8211; M\u00ednima 11\u00b0C.<\/li>\n<\/ul>\n\n\n\n<p><strong>Fuente: www.diariomendoza.com.ar<\/strong><\/p>\n","protected":false},"excerpt":{"rendered":"<p>La\u00a0Direcci\u00f3n General de Escuelas (DGE)\u00a0inform\u00f3 que este martes se suspendieron las\u00a0clases presenciales\u00a0en\u00a0Malarg\u00fce, debido a la presencia de\u00a0viento Zonda. La disposici\u00f3n rige para los\u00a0turnos vespertino y nocturno\u00a0y alcanza a instituciones de\u00a0todos los niveles y modalidades educativas. Desde el organismo indicaron que la actividad escolar deber\u00e1 desarrollarse en forma&nbsp;virtual&nbsp;a trav\u00e9s de la plataforma&nbsp;Escuela Digital Mendoza. En tanto, [&hellip;]<\/p>\n","protected":false},"author":2,"featured_media":14669,"comment_status":"open","ping_status":"open","sticky":false,"template":"","format":"standard","meta":[],"categories":[52],"tags":[],"_links":{"self":[{"href":"https:\/\/pasaenmendoza.com\/index.php?rest_route=\/wp\/v2\/posts\/14667"}],"collection":[{"href":"https:\/\/pasaenmendoza.com\/index.php?rest_route=\/wp\/v2\/posts"}],"about":[{"href":"https:\/\/pasaenmendoza.com\/index.php?rest_route=\/wp\/v2\/types\/post"}],"author":[{"embeddable":true,"href":"https:\/\/pasaenmendoza.com\/index.php?rest_route=\/wp\/v2\/users\/2"}],"replies":[{"embeddable":true,"href":"https:\/\/pasaenmendoza.com\/index.php?rest_route=%2Fwp%2Fv2%2Fcomments&post=14667"}],"version-history":[{"count":1,"href":"https:\/\/pasaenmendoza.com\/index.php?rest_route=\/wp\/v2\/posts\/14667\/revisions"}],"predecessor-version":[{"id":14670,"href":"https:\/\/pasaenmendoza.com\/index.php?rest_route=\/wp\/v2\/posts\/14667\/revisions\/14670"}],"wp:featuredmedia":[{"embeddable":true,"href":"https:\/\/pasaenmendoza.com\/index.php?rest_route=\/wp\/v2\/media\/14669"}],"wp:attachment":[{"href":"https:\/\/pasaenmendoza.com\/index.php?rest_route=%2Fwp%2Fv2%2Fmedia&parent=14667"}],"wp:term":[{"taxonomy":"category","embeddable":true,"href":"https:\/\/pasaenmendoza.com\/index.php?rest_route=%2Fwp%2Fv2%2Fcategories&post=14667"},{"taxonomy":"post_tag","embeddable":true,"href":"https:\/\/pasaenmendoza.com\/index.php?rest_route=%2Fwp%2Fv2%2Ftags&post=14667"}],"curies":[{"name":"wp","href":"https:\/\/api.w.org\/{rel}","templated":true}]}}