{"id":14671,"date":"2025-09-10T16:09:11","date_gmt":"2025-09-10T14:09:11","guid":{"rendered":"https:\/\/pasaenmendoza.com\/?p=14671"},"modified":"2025-09-10T16:09:12","modified_gmt":"2025-09-10T14:09:12","slug":"alerta-por-viento-zonda-en-mendoza-fuertes-rafagas-e-ingreso-de-frente-frio","status":"publish","type":"post","link":"https:\/\/pasaenmendoza.com\/?p=14671","title":{"rendered":"Alerta por Viento Zonda en Mendoza: fuertes r\u00e1fagas e ingreso de frente fr\u00edo"},"content":{"rendered":"\n<p>El\u00a0Servicio Meteorol\u00f3gico Nacional (SMN)\u00a0emiti\u00f3 una advertencia por\u00a0<strong>viento Zonda<\/strong>\u00a0para este mi\u00e9rcoles 10 de septiembre. El fen\u00f3meno podr\u00eda registrar r\u00e1fagas que superar\u00e1n los 70 kil\u00f3metros por hora en varias zonas, afectando el normal desarrollo de las actividades diarias.<\/p>\n\n\n\n<p>Seg\u00fan el\u00a0<strong>Sistema de Alerta Temprana del SMN<\/strong>, el viento Zonda mantendr\u00e1 su presencia durante la noche del martes y la madrugada del mi\u00e9rcoles en el departamento de Malarg\u00fce. Se prev\u00e9 que, con el amanecer, el fen\u00f3meno se extienda a otras regiones clave de la provincia, incluyendo San Rafael, el Valle de Uco, Potrerillos y Uspallata. Hay altas probabilidades de que su influencia llegue hasta el Gran Mendoza.<\/p>\n\n\n\n<p>Desde el organismo, se detall\u00f3 que las velocidades estimadas del viento oscilar\u00e1n entre 35 y 50 km\/h, pero las r\u00e1fagas puntuales podr\u00edan superar los 70 km\/h, lo que representa un riesgo significativo para la poblaci\u00f3n y la infraestructura.<\/p>\n\n\n\n<p>La situaci\u00f3n meteorol\u00f3gica tendr\u00e1 un giro abrupto a lo largo de la jornada. A partir de las 9 de la ma\u00f1ana, se espera el ingreso de un frente de viento sur en el sur provincial, que se extender\u00e1 hasta el Gran Mendoza alrededor de las 11 horas. Este cambio de frente traer\u00e1 consigo vientos de 45 a 50 km\/h, con r\u00e1fagas m\u00e1s fuertes en la zona este y en el departamento de Alvear.<\/p>\n\n\n\n<p>Este viento sur actuar\u00e1 como un neutralizador del Zonda a partir del mediod\u00eda y persistir\u00e1 hasta las 21 o 22 horas, marcando un claro descenso de las temperaturas y disipando el aire seco y c\u00e1lido caracter\u00edstico del Zonda.<\/p>\n\n\n\n<p><strong>Fuente: www.elsol.com.ar<\/strong><\/p>\n","protected":false},"excerpt":{"rendered":"<p>El\u00a0Servicio Meteorol\u00f3gico Nacional (SMN)\u00a0emiti\u00f3 una advertencia por\u00a0viento Zonda\u00a0para este mi\u00e9rcoles 10 de septiembre. El fen\u00f3meno podr\u00eda registrar r\u00e1fagas que superar\u00e1n los 70 kil\u00f3metros por hora en varias zonas, afectando el normal desarrollo de las actividades diarias. Seg\u00fan el\u00a0Sistema de Alerta Temprana del SMN, el viento Zonda mantendr\u00e1 su presencia durante la noche del martes y [&hellip;]<\/p>\n","protected":false},"author":2,"featured_media":14672,"comment_status":"open","ping_status":"open","sticky":false,"template":"","format":"standard","meta":[],"categories":[52],"tags":[],"_links":{"self":[{"href":"https:\/\/pasaenmendoza.com\/index.php?rest_route=\/wp\/v2\/posts\/14671"}],"collection":[{"href":"https:\/\/pasaenmendoza.com\/index.php?rest_route=\/wp\/v2\/posts"}],"about":[{"href":"https:\/\/pasaenmendoza.com\/index.php?rest_route=\/wp\/v2\/types\/post"}],"author":[{"embeddable":true,"href":"https:\/\/pasaenmendoza.com\/index.php?rest_route=\/wp\/v2\/users\/2"}],"replies":[{"embeddable":true,"href":"https:\/\/pasaenmendoza.com\/index.php?rest_route=%2Fwp%2Fv2%2Fcomments&post=14671"}],"version-history":[{"count":1,"href":"https:\/\/pasaenmendoza.com\/index.php?rest_route=\/wp\/v2\/posts\/14671\/revisions"}],"predecessor-version":[{"id":14673,"href":"https:\/\/pasaenmendoza.com\/index.php?rest_route=\/wp\/v2\/posts\/14671\/revisions\/14673"}],"wp:featuredmedia":[{"embeddable":true,"href":"https:\/\/pasaenmendoza.com\/index.php?rest_route=\/wp\/v2\/media\/14672"}],"wp:attachment":[{"href":"https:\/\/pasaenmendoza.com\/index.php?rest_route=%2Fwp%2Fv2%2Fmedia&parent=14671"}],"wp:term":[{"taxonomy":"category","embeddable":true,"href":"https:\/\/pasaenmendoza.com\/index.php?rest_route=%2Fwp%2Fv2%2Fcategories&post=14671"},{"taxonomy":"post_tag","embeddable":true,"href":"https:\/\/pasaenmendoza.com\/index.php?rest_route=%2Fwp%2Fv2%2Ftags&post=14671"}],"curies":[{"name":"wp","href":"https:\/\/api.w.org\/{rel}","templated":true}]}}