{"id":14678,"date":"2025-09-10T16:26:02","date_gmt":"2025-09-10T14:26:02","guid":{"rendered":"https:\/\/pasaenmendoza.com\/?p=14678"},"modified":"2025-09-10T16:26:03","modified_gmt":"2025-09-10T14:26:03","slug":"asi-es-el-nuevo-lote-donde-construiran-casas-en-godoy-cruz","status":"publish","type":"post","link":"https:\/\/pasaenmendoza.com\/?p=14678","title":{"rendered":"As\u00ed es el nuevo lote donde construir\u00e1n casas en Godoy Cruz"},"content":{"rendered":"\n<p>El\u00a0<strong>Instituto Provincial de la Vivienda (IPV)<\/strong>\u00a0tendr\u00eda a disposici\u00f3n un terreno de una manzana completa en\u00a0<strong>Godoy Cruz<\/strong>\u00a0con el fin de destinarlo a la construcci\u00f3n de viviendas sociales. Si se aprueba el proyecto las casas podr\u00edan estar disponibles entre dos o tres a\u00f1os.<\/p>\n\n\n\n<p>El terreno en cuesti\u00f3n se encuentra ubicado entre las<strong>&nbsp;calles General Paz, Estrada, Dique Gustavo Andr\u00e9 y Cruz del Eje.<\/strong>&nbsp;Este inmueble, al encontrarse en una zona urbanizada, cuenta con los servicios de luz, gas y cloacas lo que facilita la construcci\u00f3n de las viviendas.&nbsp;<\/p>\n\n\n\n<p>&#8220;Son aproximadamente 2.400 metros cuadrados. Faltaba terreno para avanzar en la construcci\u00f3n de m\u00e1s viviendas, por eso se decidi\u00f3 utilizar este espacio que ya cuenta con infraestructura&#8221;, se\u00f1al\u00f3 a\u00a0<strong>Post<\/strong>\u00a0el diputado de la UCR, Ricardo Tridi\u00f1o, quien est\u00e1 a cargo del proyecto.<\/p>\n\n\n\n<p>Por otro lado, a 50 metros de este lugar, se encuentra otro espacio de 3.942 metros cuadrados, en este se destinar\u00e1 a equipamiento comunitario para\u00a0 zonas aleda\u00f1as, lo que permitir\u00e1 brindar al futuro barrio de un espacio recreativo.<\/p>\n\n\n\n<p><strong>El proyecto<\/strong><\/p>\n\n\n\n<p>La comisi\u00f3n de Legislaci\u00f3n y Asuntos Constitucionales de la C\u00e1mara de Diputados, dio despacho favorable el martes al proyecto de ley impulsado del<strong>&nbsp;Tribi\u00f1o<\/strong>.<\/p>\n\n\n\n<p>El proyecto se enmarca en las ordenanzas municipales 7451\/24 y 7476\/25, aprobadas por el Concejo Deliberante de Godoy Cruz y promulgadas por el Ejecutivo municipal. Con esta medida se busca dar respuesta al d\u00e9ficit habitacional que afecta a sectores vulnerables y avanzar en la construcci\u00f3n de un barrio con infraestructura adecuada y acceso a servicios esenciales.<\/p>\n\n\n\n<p>\u00bfC\u00f3mo anotarse para tener una casa del IPV?<\/p>\n\n\n\n<p><strong>Mendoza Construye I<\/strong><\/p>\n\n\n\n<p>Este programa, financiado con fondos puramente provinciales, est\u00e1 apuntado a la poblaci\u00f3n con dificultad de acceso a una soluci\u00f3n habitacional por sistema crediticio privado. Que se encuentren o no organizados en entidades intermedias, inscriptos en RENHABIT y que re\u00fanan los requisitos sociales establecidos.<\/p>\n\n\n\n<p>La inscripci\u00f3n del mismo se realiza en las direcciones de vivienda de los municipios, que son quienes atienden la demanda y priorizan.<\/p>\n\n\n\n<p>Financia proyectos de vivienda nueva (2 dormitorios, superficie 62,30 m\u00b2) mediante proyectos grupales. Sobre terrenos ya urbanizados, ya sean propiedad de entidades intermedias o que los provea el municipio.<\/p>\n\n\n\n<p>Para m\u00e1s informaci\u00f3n pod\u00e9s ingresar al siguiente link:\u00a0<strong>www.ipvmendoza.gov.ar<\/strong><\/p>\n\n\n\n<p><strong>Requisitos<\/strong><\/p>\n\n\n\n<p>A nivel de grupo familiar:<\/p>\n\n\n\n<p>&#8211; Tener ingresos por debajo de los 2 salarios m\u00ednimo, vital y m\u00f3vil (SMVyM).<\/p>\n\n\n\n<p>-No ser propietario\/a de bienes inmuebles.<\/p>\n\n\n\n<p>-No haber sido adjudicatario\/a de viviendas financiadas por el Estado.<\/p>\n\n\n\n<p>-Tener grupo familiar. (En caso de hogar unipersonal se contempla un 5% del proyecto y se prev\u00e9 la vivienda de un solo dormitorio).<\/p>\n\n\n\n<p>-No estar inhibido\/a.<\/p>\n\n\n\n<p>-No encontrarse en el registro de deudores alimentarios.<\/p>\n\n\n\n<p>&#8211; Estar inscriptos en RENHABIT (Relevamiento de Necesidad Habitacional &#8211; Provincia de Mendoza).<\/p>\n\n\n\n<p>-Residir en Mendoza.<\/p>\n\n\n\n<p><strong>Fuente: www.mendozapost.com<\/strong><\/p>\n","protected":false},"excerpt":{"rendered":"<p>El\u00a0Instituto Provincial de la Vivienda (IPV)\u00a0tendr\u00eda a disposici\u00f3n un terreno de una manzana completa en\u00a0Godoy Cruz\u00a0con el fin de destinarlo a la construcci\u00f3n de viviendas sociales. Si se aprueba el proyecto las casas podr\u00edan estar disponibles entre dos o tres a\u00f1os. El terreno en cuesti\u00f3n se encuentra ubicado entre las&nbsp;calles General Paz, Estrada, Dique Gustavo [&hellip;]<\/p>\n","protected":false},"author":2,"featured_media":14679,"comment_status":"open","ping_status":"open","sticky":false,"template":"","format":"standard","meta":[],"categories":[50],"tags":[],"_links":{"self":[{"href":"https:\/\/pasaenmendoza.com\/index.php?rest_route=\/wp\/v2\/posts\/14678"}],"collection":[{"href":"https:\/\/pasaenmendoza.com\/index.php?rest_route=\/wp\/v2\/posts"}],"about":[{"href":"https:\/\/pasaenmendoza.com\/index.php?rest_route=\/wp\/v2\/types\/post"}],"author":[{"embeddable":true,"href":"https:\/\/pasaenmendoza.com\/index.php?rest_route=\/wp\/v2\/users\/2"}],"replies":[{"embeddable":true,"href":"https:\/\/pasaenmendoza.com\/index.php?rest_route=%2Fwp%2Fv2%2Fcomments&post=14678"}],"version-history":[{"count":1,"href":"https:\/\/pasaenmendoza.com\/index.php?rest_route=\/wp\/v2\/posts\/14678\/revisions"}],"predecessor-version":[{"id":14680,"href":"https:\/\/pasaenmendoza.com\/index.php?rest_route=\/wp\/v2\/posts\/14678\/revisions\/14680"}],"wp:featuredmedia":[{"embeddable":true,"href":"https:\/\/pasaenmendoza.com\/index.php?rest_route=\/wp\/v2\/media\/14679"}],"wp:attachment":[{"href":"https:\/\/pasaenmendoza.com\/index.php?rest_route=%2Fwp%2Fv2%2Fmedia&parent=14678"}],"wp:term":[{"taxonomy":"category","embeddable":true,"href":"https:\/\/pasaenmendoza.com\/index.php?rest_route=%2Fwp%2Fv2%2Fcategories&post=14678"},{"taxonomy":"post_tag","embeddable":true,"href":"https:\/\/pasaenmendoza.com\/index.php?rest_route=%2Fwp%2Fv2%2Ftags&post=14678"}],"curies":[{"name":"wp","href":"https:\/\/api.w.org\/{rel}","templated":true}]}}