{"id":14681,"date":"2025-09-10T16:31:58","date_gmt":"2025-09-10T14:31:58","guid":{"rendered":"https:\/\/pasaenmendoza.com\/?p=14681"},"modified":"2025-09-10T16:31:59","modified_gmt":"2025-09-10T14:31:59","slug":"grave-accidente-en-guaymallen-un-motociclista-fue-atropellado-por-un-conductor-alcoholizado","status":"publish","type":"post","link":"https:\/\/pasaenmendoza.com\/?p=14681","title":{"rendered":"Grave accidente en Guaymall\u00e9n: un motociclista fue atropellado por un conductor alcoholizado"},"content":{"rendered":"\n<p>Un<strong>&nbsp;siniestro vial con heridos<\/strong>&nbsp;se produjo durante la madrugada de este mi\u00e9rcoles en la intersecci\u00f3n de las<strong>&nbsp;calles Uspallata y Lamadrid, en Guaymall\u00e9n<\/strong>. El hecho ocurri\u00f3 cerca de la&nbsp;<strong>1.15&nbsp;<\/strong>e involucr\u00f3 a una&nbsp;<em>motocicleta y un autom\u00f3vil<\/em>. El conductor del veh\u00edculo mayor present\u00f3 un<strong>&nbsp;elevado nivel de alcohol en sangre<\/strong>.<\/p>\n\n\n\n<p>Seg\u00fan informaron fuentes de la\u00a0<strong>Delegaci\u00f3n Vial Gran Mendoza<\/strong>\u00a0y\u00a0<strong>Comisar\u00eda 45<\/strong>, el accidente se produjo cuando una motocicleta\u00a0<strong>Motomel Blitz 110 cc<\/strong>\u00a0circulaba por calle Lamadrid de oeste a este. Al llegar a la intersecci\u00f3n con calle Uspallata, fue embestida por un autom\u00f3vil\u00a0<strong>Fiat Cronos<\/strong>, que transitaba de sur a norte.<\/p>\n\n\n\n<p>Como resultado del impacto, la conductora de la motocicleta<strong>&nbsp;perdi\u00f3 el casco y golpe\u00f3 su cabeza contra el asfalto<\/strong>, lo que le provoc\u00f3 p\u00e9rdida moment\u00e1nea de conocimiento. Fue asistida, diagnosticada con&nbsp;<strong>politraumatismos por accidente vial<\/strong>&nbsp;y se dispuso su traslado al&nbsp;<strong>Hospital Central<\/strong>.<\/p>\n\n\n\n<p>La acompa\u00f1ante de la motociclista tambi\u00e9n sufri\u00f3\u00a0<strong>politraumatismos leves<\/strong>, sin necesidad de ser hospitalizada.<\/p>\n\n\n\n<p>El conductor del<strong>\u00a0Fiat Cronos<\/strong>, por su parte,\u00a0<strong>result\u00f3 ileso<\/strong>, pero al realizarle el test de alcoholemia\u00a0 arroj\u00f3 un resultado de\u00a0<strong>1,46 g\/l<\/strong>, superando ampliamente el l\u00edmite permitido por la legislaci\u00f3n vigente.<\/p>\n\n\n\n<p><strong>Fuente: www.elsol.com.ar<\/strong><\/p>\n","protected":false},"excerpt":{"rendered":"<p>Un&nbsp;siniestro vial con heridos&nbsp;se produjo durante la madrugada de este mi\u00e9rcoles en la intersecci\u00f3n de las&nbsp;calles Uspallata y Lamadrid, en Guaymall\u00e9n. El hecho ocurri\u00f3 cerca de la&nbsp;1.15&nbsp;e involucr\u00f3 a una&nbsp;motocicleta y un autom\u00f3vil. El conductor del veh\u00edculo mayor present\u00f3 un&nbsp;elevado nivel de alcohol en sangre. Seg\u00fan informaron fuentes de la\u00a0Delegaci\u00f3n Vial Gran Mendoza\u00a0y\u00a0Comisar\u00eda 45, el [&hellip;]<\/p>\n","protected":false},"author":2,"featured_media":14682,"comment_status":"open","ping_status":"open","sticky":false,"template":"","format":"standard","meta":[],"categories":[48],"tags":[],"_links":{"self":[{"href":"https:\/\/pasaenmendoza.com\/index.php?rest_route=\/wp\/v2\/posts\/14681"}],"collection":[{"href":"https:\/\/pasaenmendoza.com\/index.php?rest_route=\/wp\/v2\/posts"}],"about":[{"href":"https:\/\/pasaenmendoza.com\/index.php?rest_route=\/wp\/v2\/types\/post"}],"author":[{"embeddable":true,"href":"https:\/\/pasaenmendoza.com\/index.php?rest_route=\/wp\/v2\/users\/2"}],"replies":[{"embeddable":true,"href":"https:\/\/pasaenmendoza.com\/index.php?rest_route=%2Fwp%2Fv2%2Fcomments&post=14681"}],"version-history":[{"count":1,"href":"https:\/\/pasaenmendoza.com\/index.php?rest_route=\/wp\/v2\/posts\/14681\/revisions"}],"predecessor-version":[{"id":14683,"href":"https:\/\/pasaenmendoza.com\/index.php?rest_route=\/wp\/v2\/posts\/14681\/revisions\/14683"}],"wp:featuredmedia":[{"embeddable":true,"href":"https:\/\/pasaenmendoza.com\/index.php?rest_route=\/wp\/v2\/media\/14682"}],"wp:attachment":[{"href":"https:\/\/pasaenmendoza.com\/index.php?rest_route=%2Fwp%2Fv2%2Fmedia&parent=14681"}],"wp:term":[{"taxonomy":"category","embeddable":true,"href":"https:\/\/pasaenmendoza.com\/index.php?rest_route=%2Fwp%2Fv2%2Fcategories&post=14681"},{"taxonomy":"post_tag","embeddable":true,"href":"https:\/\/pasaenmendoza.com\/index.php?rest_route=%2Fwp%2Fv2%2Ftags&post=14681"}],"curies":[{"name":"wp","href":"https:\/\/api.w.org\/{rel}","templated":true}]}}