{"id":14684,"date":"2025-09-10T22:12:40","date_gmt":"2025-09-10T20:12:40","guid":{"rendered":"https:\/\/pasaenmendoza.com\/?p=14684"},"modified":"2025-09-10T22:12:41","modified_gmt":"2025-09-10T20:12:41","slug":"la-justicia-no-podra-imputar-pero-si-ordenar-tratamiento-a-la-alumna-que-se-atrinchero-con-un-arma","status":"publish","type":"post","link":"https:\/\/pasaenmendoza.com\/?p=14684","title":{"rendered":"La Justicia no podr\u00e1 imputar pero s\u00ed ordenar tratamiento a la alumna que se atrincher\u00f3 con un arma"},"content":{"rendered":"\n<p>El caso de la alumna de 14 a\u00f1os que estuvo atrincherada con un arma de fuego durante 5 horas en la\u00a0<strong>escuela\u00a0<\/strong>Marcelino Blanco de\u00a0<strong>La Paz<\/strong>\u00a0ser\u00e1 investigado por la Justicia Penal de Menores que, finalmente, proceder\u00e1 a archivar la causa judicial porque la chica no puede ser detenida ni acusada por la ley.<\/p>\n\n\n\n<p>Casi a las 15, cuando la adolescente ya hab\u00eda entregado el&nbsp;<strong>arma&nbsp;<\/strong>a los negociadores policiales, el&nbsp;<strong>fiscal Mariano Carabajal&nbsp;<\/strong>confirm\u00f3 que el conflicto hab\u00eda cesado y anticip\u00f3 que la menor de edad ser\u00eda derivada a un hospital p\u00fablico para su tratamiento.<\/p>\n\n\n\n<p>Se descart\u00f3 utilizar las instalaciones del Humberto Illia de\u00a0<strong>La Paz<\/strong>\u00a0para que la chica est\u00e9 alejada y a resguardo de la cotidianeidad pace\u00f1a, notablemente alterada este mi\u00e9rcoles.<\/p>\n\n\n\n<p>Por el momento, las&nbsp;<strong>clases<\/strong>&nbsp;se retomar\u00e1n con normalidad el viernes -porque este jueves hay asueto por el D\u00eda del Maestro- pero se realizar\u00e1 una jornada de reflexi\u00f3n con autoridades y profesionales del gobierno escolar.<\/p>\n\n\n\n<p>La Fiscal\u00eda a cargo del caso se ocupa de ahora en m\u00e1s de confeccionar el expediente que, durante el proceso investigativo, recoger\u00e1 los testimonios y detalles relativos al atrincheramiento de la menor de edad en las instalaciones de la escuela&nbsp;<strong>Marcelino Blanco<\/strong>.<\/p>\n\n\n\n<h2 class=\"wp-block-heading\">La Justicia har\u00e1 la reconstrucci\u00f3n de 5 horas de alto voltaje en La Paz<\/h2>\n\n\n\n<p>Ser\u00e1n llamados a declarar, entre otros<strong>&nbsp;testigos<\/strong>, docentes, preceptores, celadores y otros alumnos, que deber\u00e1n hacerlo en C\u00e1mara Gessell porque son menores de edad.<\/p>\n\n\n\n<p>Ser\u00e1n clave las versiones de compa\u00f1eros del aula y de otros cursos de la escuela Marcelino Blanco de La Paz que dijeron p\u00fablicamente haberla visto empu\u00f1ar el arma y disparar al aire y tambi\u00e9n al piso.<\/p>\n\n\n\n<p>Incluso ser\u00e1n consultados acerca de c\u00f3mo comenz\u00f3 el episodio de atrincheramiento que tuvo en vilo a Mendoza y al resto del pa\u00eds debido al\u00a0fuerte impacto informativo de los medios de prensa\u00a0y las redes sociales.<\/p>\n\n\n\n<p>Al final de la pesquisa, la Justicia podr\u00e1 disponer medidas tutelares y de tratamiento y seguimiento respecto de la menor de edad.<\/p>\n\n\n\n<p>Qui\u00e9n es el\u00a0<strong>titular del arma<\/strong>\u00a0de fuego que la chica llev\u00f3 a la escuela y que utiliz\u00f3 durante 5 horas para atrincherarse es otro de los temas que deber\u00e1 resolver la Justicia. Incluso si el hombre ten\u00eda los permisos legales de tenencia y portaci\u00f3n, aunque por tratarse de un comisario en actividad en San Luis deber\u00eda tenerlos.<\/p>\n\n\n\n<p><strong>Fuente: www.diariouno.com.ar<\/strong><\/p>\n\n\n\n<p><a rel=\"noreferrer noopener\" href=\"https:\/\/www.facebook.com\/dialog\/feed?app_id=573206405763505&amp;link=https%3A%2F%2Fwww.diariouno.com.ar%2Fpoliciales%2Fla-justicia-no-podra-imputar-pero-si-ordenar-tratamiento-la-alumna-que-se-atrinchero-un-arma-n1475564&amp;name=La+Justicia+no+podr%C3%A1+imputar+pero+s%C3%AD+ordenar+tratamiento+a+la+alumna+que+se+atrincher%C3%B3+con+un+arma&amp;caption=escuela&amp;description=La+alumna+de+14+a%C3%B1os+no+puede+ser+declarada+penalmente+responsable+pero+la+Justicia+escuchar%C3%A1+a+testigos+del+caso+que+tuvo+en+vilo+a+Mendoza+durante+5+horas&amp;redirect_uri=https%3A%2F%2Fwww.diariouno.com.ar%2Fpoliciales%2Fla-justicia-no-podra-imputar-pero-si-ordenar-tratamiento-la-alumna-que-se-atrinchero-un-arma-n1475564\" target=\"_blank\"><\/a><\/p>\n\n\n\n<p><a rel=\"noreferrer noopener\" href=\"https:\/\/twitter.com\/intent\/tweet?url=https%3A%2F%2Fwww.diariouno.com.ar%2Fc1475564&amp;related=diariouno&amp;text=La+Justicia+no+podr%C3%A1+imputar+pero+s%C3%AD+ordenar+tratamiento+a+la+alumna+que+se+atrincher%C3%B3+con+un+arma&amp;via=diariouno\" target=\"_blank\"><\/a><\/p>\n\n\n\n<p><a href=\"mailto:?body=https%3A%2F%2Fwww.diariouno.com.ar%2Fpoliciales%2Fla-justicia-no-podra-imputar-pero-si-ordenar-tratamiento-la-alumna-que-se-atrinchero-un-arma-n1475564&amp;subject=%E2%80%9CLa%20Justicia%20no%20podr%C3%A1%20imputar%20pero%20s%C3%AD%20ordenar%20tratamiento%20a%20la%20alumna%20que%20se%20atrincher%C3%B3%20con%20un%20arma%E2%80%9D\"><\/a><\/p>\n","protected":false},"excerpt":{"rendered":"<p>El caso de la alumna de 14 a\u00f1os que estuvo atrincherada con un arma de fuego durante 5 horas en la\u00a0escuela\u00a0Marcelino Blanco de\u00a0La Paz\u00a0ser\u00e1 investigado por la Justicia Penal de Menores que, finalmente, proceder\u00e1 a archivar la causa judicial porque la chica no puede ser detenida ni acusada por la ley. Casi a las 15, [&hellip;]<\/p>\n","protected":false},"author":2,"featured_media":14685,"comment_status":"open","ping_status":"open","sticky":false,"template":"","format":"standard","meta":[],"categories":[48],"tags":[],"_links":{"self":[{"href":"https:\/\/pasaenmendoza.com\/index.php?rest_route=\/wp\/v2\/posts\/14684"}],"collection":[{"href":"https:\/\/pasaenmendoza.com\/index.php?rest_route=\/wp\/v2\/posts"}],"about":[{"href":"https:\/\/pasaenmendoza.com\/index.php?rest_route=\/wp\/v2\/types\/post"}],"author":[{"embeddable":true,"href":"https:\/\/pasaenmendoza.com\/index.php?rest_route=\/wp\/v2\/users\/2"}],"replies":[{"embeddable":true,"href":"https:\/\/pasaenmendoza.com\/index.php?rest_route=%2Fwp%2Fv2%2Fcomments&post=14684"}],"version-history":[{"count":1,"href":"https:\/\/pasaenmendoza.com\/index.php?rest_route=\/wp\/v2\/posts\/14684\/revisions"}],"predecessor-version":[{"id":14686,"href":"https:\/\/pasaenmendoza.com\/index.php?rest_route=\/wp\/v2\/posts\/14684\/revisions\/14686"}],"wp:featuredmedia":[{"embeddable":true,"href":"https:\/\/pasaenmendoza.com\/index.php?rest_route=\/wp\/v2\/media\/14685"}],"wp:attachment":[{"href":"https:\/\/pasaenmendoza.com\/index.php?rest_route=%2Fwp%2Fv2%2Fmedia&parent=14684"}],"wp:term":[{"taxonomy":"category","embeddable":true,"href":"https:\/\/pasaenmendoza.com\/index.php?rest_route=%2Fwp%2Fv2%2Fcategories&post=14684"},{"taxonomy":"post_tag","embeddable":true,"href":"https:\/\/pasaenmendoza.com\/index.php?rest_route=%2Fwp%2Fv2%2Ftags&post=14684"}],"curies":[{"name":"wp","href":"https:\/\/api.w.org\/{rel}","templated":true}]}}