{"id":14687,"date":"2025-09-10T22:18:09","date_gmt":"2025-09-10T20:18:09","guid":{"rendered":"https:\/\/pasaenmendoza.com\/?p=14687"},"modified":"2025-09-10T22:18:10","modified_gmt":"2025-09-10T20:18:10","slug":"mendoza-firmo-un-acuerdo-con-ypf-y-el-cfi-para-fortalecer-a-pymes-de-la-cadena-petrolera","status":"publish","type":"post","link":"https:\/\/pasaenmendoza.com\/?p=14687","title":{"rendered":"Mendoza firm\u00f3 un acuerdo con YPF y el CFI para fortalecer a pymes de la cadena petrolera"},"content":{"rendered":"\n<p>La ministra de Energ\u00eda y Ambiente<strong>, Jimena Latorre<\/strong>, en representaci\u00f3n de Mendoza, firm\u00f3 este martes el acta de adhesi\u00f3n de\u00a0YPF SA\u00a0al Programa de\u00a0<strong>Desarrollo de Proveedores del Consejo Federal de Inversiones<\/strong>\u00a0(CFI) junto a los gobernadores de Neuqu\u00e9n, Rolando Figueroa, de R\u00edo Negro, Alberto Weretilneck, al vicepresidente de Supply Chain de<strong>\u00a0YPF SA,\u00a0<\/strong>Walter Actis, y al secretario general del CFI, Ignacio Lamothe.<\/p>\n\n\n\n<p>\u201cFirmamos un acta para apoyar y ratificar la incorporaci\u00f3n de&nbsp;<strong>YPF&nbsp;<\/strong>al&nbsp;<strong>Programa de Desarrollo de Proveedores del CFI\u201d<\/strong>, destac\u00f3 Latorre.<\/p>\n\n\n\n<p>Latorre se\u00f1al\u00f3 que la provincia ya ven\u00eda trabajando en programas de proveedores del CFI para miner\u00eda y energ\u00eda y que \u201cen este caso, la escuela de<strong>\u00a0proveedores de YPF<\/strong>\u00a0se incorpora a este esquema, en el cual se busca que las\u00a0<strong>pymes<\/strong>\u00a0de las provincias productoras de hidrocarburos de la Argentina tengan la<strong>\u00a0formaci\u00f3n<\/strong>\u00a0y la capacitaci\u00f3n tanto para desarrollar sus actividades propias como para conseguir financiamiento o para realizar mejoras\u201d.<\/p>\n\n\n\n<p>El acuerdo establece el compromiso de trabajar en conjunto para fortalecer las&nbsp;<strong>cadenas de valor<\/strong>&nbsp;locales, fomentar la integraci\u00f3n de&nbsp;<strong>proveedores pymes<\/strong>&nbsp;y consolidar un esquema de<strong>&nbsp;cooperaci\u00f3n federal<\/strong>&nbsp;que contribuya al desarrollo productivo, con el objetivo de articular pol\u00edticas provinciales y estrategias empresariales que generen nuevas oportunidades para proveedores regionales vinculados al petr\u00f3leo y el gas.<\/p>\n\n\n\n<p>El objetivo es fortalecer la<strong>&nbsp;productividad<\/strong>, la competitividad, la capacidad y la calidad de proveedores de todo el pa\u00eds, y ofrece diversas herramientas para potenciar a las pymes. Entre ellas, la&nbsp;<strong>\u201cAcademia de Proveedores<\/strong>\u201d, acceso a financiamiento para impulsar el crecimiento, modernizaci\u00f3n productiva, consultor\u00edas personalizadas y espacios de vinculaci\u00f3n.<\/p>\n\n\n\n<h2 class=\"wp-block-heading\">Mendoza una provincia petrolera<\/h2>\n\n\n\n<p>Esta iniciativa se suma al proceso de fortalecimiento productivo que Mendoza viene impulsando junto al CFI. En junio pasado, el gobernador Alfredo Cornejo present\u00f3 nuevas&nbsp;<strong>herramientas<\/strong>&nbsp;<strong>financieras<\/strong>&nbsp;durante las Jornadas de Integraci\u00f3n Federal, que reunieron en la provincia a representantes de 22 jurisdicciones, empresarios, c\u00e1maras sectoriales, entidades financieras y organismos p\u00fablicos.<\/p>\n\n\n\n<p>En esa oportunidad se lanzaron nuevas l\u00edneas de cr\u00e9dito y garant\u00edas para potenciar proyectos en&nbsp;<em>oil &amp; gas<\/em>, miner\u00eda, cadenas de valor estrat\u00e9gicas, emprendimientos liderados por mujeres y propuestas de desarrollo verde. Se destaca adem\u00e1s la creaci\u00f3n del&nbsp;<strong>Fondo de Garant\u00eda CFI,&nbsp;<\/strong>instrumento clave para facilitar el acceso al financiamiento de pymes y emprendedores.<\/p>\n\n\n\n<p>La adhesi\u00f3n de YPF al Programa de Desarrollo de Proveedores del CFI representa un paso fundamental para consolidar redes empresariales regionales, dinamizar la econom\u00eda local e impulsar inversiones que generen empleo de calidad en las provincias productoras como Mendoza.<\/p>\n\n\n\n<p><strong>Fuente: www.diariouno.com.ar<\/strong><\/p>\n","protected":false},"excerpt":{"rendered":"<p>La ministra de Energ\u00eda y Ambiente, Jimena Latorre, en representaci\u00f3n de Mendoza, firm\u00f3 este martes el acta de adhesi\u00f3n de\u00a0YPF SA\u00a0al Programa de\u00a0Desarrollo de Proveedores del Consejo Federal de Inversiones\u00a0(CFI) junto a los gobernadores de Neuqu\u00e9n, Rolando Figueroa, de R\u00edo Negro, Alberto Weretilneck, al vicepresidente de Supply Chain de\u00a0YPF SA,\u00a0Walter Actis, y al secretario general [&hellip;]<\/p>\n","protected":false},"author":2,"featured_media":14688,"comment_status":"open","ping_status":"open","sticky":false,"template":"","format":"standard","meta":[],"categories":[111],"tags":[],"_links":{"self":[{"href":"https:\/\/pasaenmendoza.com\/index.php?rest_route=\/wp\/v2\/posts\/14687"}],"collection":[{"href":"https:\/\/pasaenmendoza.com\/index.php?rest_route=\/wp\/v2\/posts"}],"about":[{"href":"https:\/\/pasaenmendoza.com\/index.php?rest_route=\/wp\/v2\/types\/post"}],"author":[{"embeddable":true,"href":"https:\/\/pasaenmendoza.com\/index.php?rest_route=\/wp\/v2\/users\/2"}],"replies":[{"embeddable":true,"href":"https:\/\/pasaenmendoza.com\/index.php?rest_route=%2Fwp%2Fv2%2Fcomments&post=14687"}],"version-history":[{"count":1,"href":"https:\/\/pasaenmendoza.com\/index.php?rest_route=\/wp\/v2\/posts\/14687\/revisions"}],"predecessor-version":[{"id":14689,"href":"https:\/\/pasaenmendoza.com\/index.php?rest_route=\/wp\/v2\/posts\/14687\/revisions\/14689"}],"wp:featuredmedia":[{"embeddable":true,"href":"https:\/\/pasaenmendoza.com\/index.php?rest_route=\/wp\/v2\/media\/14688"}],"wp:attachment":[{"href":"https:\/\/pasaenmendoza.com\/index.php?rest_route=%2Fwp%2Fv2%2Fmedia&parent=14687"}],"wp:term":[{"taxonomy":"category","embeddable":true,"href":"https:\/\/pasaenmendoza.com\/index.php?rest_route=%2Fwp%2Fv2%2Fcategories&post=14687"},{"taxonomy":"post_tag","embeddable":true,"href":"https:\/\/pasaenmendoza.com\/index.php?rest_route=%2Fwp%2Fv2%2Ftags&post=14687"}],"curies":[{"name":"wp","href":"https:\/\/api.w.org\/{rel}","templated":true}]}}