{"id":1469,"date":"2023-09-14T16:16:32","date_gmt":"2023-09-14T14:16:32","guid":{"rendered":"https:\/\/pasaenmendoza.com\/?p=1469"},"modified":"2023-09-14T16:16:33","modified_gmt":"2023-09-14T14:16:33","slug":"el-paso-cristo-redentor-esta-habilitado-con-horario-de-verano","status":"publish","type":"post","link":"https:\/\/pasaenmendoza.com\/?p=1469","title":{"rendered":"El Paso Cristo Redentor est\u00e1 habilitado con horario de verano"},"content":{"rendered":"\n<p>A partir de las 8 de esta ma\u00f1ana, tal como hab\u00eda confirmado la\u00a0<strong>Coordinaci\u00f3n del Cristo Redentor<\/strong>, el\u00a0<strong>Paso a Chile<\/strong>\u00a0se encuentra habilitado para transportes de cargas, \u00f3mnibus y autos particulares. La circulaci\u00f3n es hacia los ambos sentidos y durante las 24 horas ya que ha entrado en vigencia el horario de verano.<\/p>\n\n\n\n<p>Adem\u00e1s, la Coordinaci\u00f3n Argentina de Fronteras inform\u00f3 que hasta ayer a las 20 hab\u00edan ingresado 500 camiones desde el Complejo Los Libertadores y hab\u00edan egresados 1.500 transportes de carga. De no mediar accidentes automovil\u00edsticos ni tormentas en altura, la situaci\u00f3n de los camioneros estar\u00e1 regularizada en los pr\u00f3ximos d\u00edas.<\/p>\n\n\n\n<p>Las condiciones comenzaron a ser favorables en la alta monta\u00f1a y no se visualizan nuevos temporales, seg\u00fan lo manifestado por los especialistas del servicio meteorol\u00f3gico. Es por eso que se esperan d\u00edas fruct\u00edferos con respecto al tr\u00e1nsito teniendo en cuenta que este fin de semana se realiza la&nbsp;<strong>Fiesta de la Hermandad&nbsp;<\/strong>los d\u00edas 16, 17 y 18 en la Plaza Chile, celebrando un nuevo aniversario del pa\u00eds vecino.<\/p>\n\n\n\n<h2 class=\"wp-block-heading\">La temperatura en alta monta\u00f1a<\/h2>\n\n\n\n<p>Una ma\u00f1ana fresca pero soleada les espera a los viajeros ya que en Uspallata hacen 2 grados mientras que en Punta de Vacas la temperatura es de 3 grados bajo cero, en Puente de Inca es de 7 grados bajo cero y en Las Cuevas lleg\u00f3 a los 8 grados bajo cero.<\/p>\n\n\n\n<p><strong>Fuente: www.diariomendoza.com.ar<\/strong><\/p>\n","protected":false},"excerpt":{"rendered":"<p>A partir de las 8 de esta ma\u00f1ana, tal como hab\u00eda confirmado la\u00a0Coordinaci\u00f3n del Cristo Redentor, el\u00a0Paso a Chile\u00a0se encuentra habilitado para transportes de cargas, \u00f3mnibus y autos particulares. La circulaci\u00f3n es hacia los ambos sentidos y durante las 24 horas ya que ha entrado en vigencia el horario de verano. Adem\u00e1s, la Coordinaci\u00f3n Argentina [&hellip;]<\/p>\n","protected":false},"author":2,"featured_media":1470,"comment_status":"open","ping_status":"open","sticky":false,"template":"","format":"standard","meta":[],"categories":[66],"tags":[],"_links":{"self":[{"href":"https:\/\/pasaenmendoza.com\/index.php?rest_route=\/wp\/v2\/posts\/1469"}],"collection":[{"href":"https:\/\/pasaenmendoza.com\/index.php?rest_route=\/wp\/v2\/posts"}],"about":[{"href":"https:\/\/pasaenmendoza.com\/index.php?rest_route=\/wp\/v2\/types\/post"}],"author":[{"embeddable":true,"href":"https:\/\/pasaenmendoza.com\/index.php?rest_route=\/wp\/v2\/users\/2"}],"replies":[{"embeddable":true,"href":"https:\/\/pasaenmendoza.com\/index.php?rest_route=%2Fwp%2Fv2%2Fcomments&post=1469"}],"version-history":[{"count":1,"href":"https:\/\/pasaenmendoza.com\/index.php?rest_route=\/wp\/v2\/posts\/1469\/revisions"}],"predecessor-version":[{"id":1471,"href":"https:\/\/pasaenmendoza.com\/index.php?rest_route=\/wp\/v2\/posts\/1469\/revisions\/1471"}],"wp:featuredmedia":[{"embeddable":true,"href":"https:\/\/pasaenmendoza.com\/index.php?rest_route=\/wp\/v2\/media\/1470"}],"wp:attachment":[{"href":"https:\/\/pasaenmendoza.com\/index.php?rest_route=%2Fwp%2Fv2%2Fmedia&parent=1469"}],"wp:term":[{"taxonomy":"category","embeddable":true,"href":"https:\/\/pasaenmendoza.com\/index.php?rest_route=%2Fwp%2Fv2%2Fcategories&post=1469"},{"taxonomy":"post_tag","embeddable":true,"href":"https:\/\/pasaenmendoza.com\/index.php?rest_route=%2Fwp%2Fv2%2Ftags&post=1469"}],"curies":[{"name":"wp","href":"https:\/\/api.w.org\/{rel}","templated":true}]}}