{"id":14693,"date":"2025-09-10T22:30:29","date_gmt":"2025-09-10T20:30:29","guid":{"rendered":"https:\/\/pasaenmendoza.com\/?p=14693"},"modified":"2025-09-10T22:30:30","modified_gmt":"2025-09-10T20:30:30","slug":"la-palabra-del-gobierno-tras-la-tension-vivida-en-una-escuela-de-la-paz-por-una-adolescente-que-efectuo-disparos","status":"publish","type":"post","link":"https:\/\/pasaenmendoza.com\/?p=14693","title":{"rendered":"La palabra del Gobierno tras la tensi\u00f3n vivida en una escuela de La Paz por una adolescente que efectu\u00f3 disparos"},"content":{"rendered":"\n<p>Los ministros de Educaci\u00f3n, Infancias, Cultura y DGE,&nbsp;<strong>Tadeo Garc\u00eda<\/strong>&nbsp;<strong>Zalazar<\/strong>, y de Seguridad y Justicia,&nbsp;<strong>Mercedes Rus<\/strong>,&nbsp;dieron una conferencia de prensa para brindar detalles del&nbsp;<strong>operativo&nbsp;<\/strong>llevado adelante a ra\u00edz de lo ocurrido en la&nbsp;<strong>escuela Marcelino Blanco<\/strong>, de La Paz. Los funcionarios confirmaron que la joven de 14 a\u00f1os entreg\u00f3 el arma y que est\u00e1 siendo abordada por profesionales en el Hospital Notti. El viernes se desarrollar\u00e1 una \u201c<em>jornada de reflexi\u00f3n institucional<\/em>\u201d no obligatoria, seg\u00fan informaron las autoridades.<\/p>\n\n\n\n<h2 class=\"wp-block-heading\" id=\"h-las-principales-frases-de-mercedes-rus\">Las principales frases de Mercedes Rus<\/h2>\n\n\n\n<p><em>\u201cEl objetivo del Gobierno se ha cumplido. La ni\u00f1a est\u00e1 sana y salva. Est\u00e1 ahora con el equipo de abordaje\u201d.<\/em><\/p>\n\n\n\n<p><em>\u201cSe confirm\u00f3 un comit\u00e9 de crisis entre tres ministerios (Educaci\u00f3n, Salud y Seguridad). Fueron m\u00e1s de cinco horas de trabajo. Lleg\u00f3 primero la Polic\u00eda del lugar que permiti\u00f3 una evacuaci\u00f3n exitosa. Eran cerca de 200 personas en total\u201d.<\/em><\/p>\n\n\n\n<p><em>\u201cLuego se dio el abordaje de los grupos especiales que viajaron en helic\u00f3ptero. Tuvieron los recursos y pudieron llegar r\u00e1pido\u201d.<\/em><\/p>\n\n\n\n<p><em>\u201cTras una larga negociaci\u00f3n, se logr\u00f3 que la ni\u00f1a desista de empu\u00f1ar el arma\u201d<\/em>.<\/p>\n\n\n\n<p><em>\u201cFue un abordaje exitoso donde se abordaron todos los protocolos desde un primer momento\u201d<\/em>.<\/p>\n\n\n\n<p><em>\u201cLa nena est\u00e1 siendo abordada por equipos profesionales. Si es necesario enviarla a un hospital, ser\u00e1 enviada a un hospital, como el Notti\u201d<\/em>.<\/p>\n\n\n\n<p><em>\u201cLa hip\u00f3tesis principal es que el arma es del padre. Es un comisario en actividad\u201d.<\/em><\/p>\n\n\n\n<p><em>\u201cCuando hablamos de ni\u00f1os, ni\u00f1as y adolescentes lo que rige y lo m\u00e1s importante es proteger sus derechos. Necesitamos que entiendan que hay informaci\u00f3n de la ni\u00f1a que no podemos darla\u201d.<\/em><\/p>\n\n\n\n<p><em>\u201cLa ni\u00f1a est\u00e1 en condiciones muy \u00f3ptimas y eso es lo m\u00e1s importante\u201d.<\/em><\/p>\n\n\n\n<p><em>\u201cHubo ni\u00f1os que debieron ser asistidos y es l\u00f3gico. Est\u00e1n todos bien\u201d<\/em>.<\/p>\n\n\n\n<h2 class=\"wp-block-heading\" id=\"h-la-palabra-de-tadeo-garcia-zalazar\">La palabra de Tadeo Garc\u00eda Zalazar<\/h2>\n\n\n\n<p><em>\u201cEl d\u00eda viernes habr\u00e1 en la escuela Marcelino Blanco una jornada de reflexi\u00f3n institucional, sin asistencia obligatoria. Van a estar todos los equipos interdisciplinarios a disposici\u00f3n de la comunidad educativa\u201d.<\/em><\/p>\n\n\n\n<p>\u201cTodos los protocolos fueron aplicados la evacuaci\u00f3n del establecimiento y que todos los que necesitaran atenci\u00f3n hospitalaria la tuviesen. Hemos estados en contacto con todos los equipos y con la directora del establecimiento\u201d.<\/p>\n\n\n\n<p><em>\u201cTambi\u00e9n coordinamos con el Ministerio de Salud que se refuercen las guardias en el hospital para la atenci\u00f3n de problem\u00e1ticas que tienen que ver con salud mental o con determinadas consultas que pueden hacer los estudiantes, los padres o los docentes\u201d.<\/em><\/p>\n\n\n\n<p><em>\u201cEstuvieron presentes sus progenitores y no puedo dar m\u00e1s detalles\u201d.<\/em><\/p>\n\n\n\n<p><em>\u201cEsperemos que estas situaciones no se den m\u00e1s, pero -en el caso de que se den- queremos reconocer la actuaci\u00f3n del equipo directivo, docentes, preceptores y celadores. Todos los discursos de la Provincia estuvieron a disposici\u00f3n para la inmediata resoluci\u00f3n. Toda esa actuaci\u00f3n coordinada ha tenido un desenlace positivo\u201d.<\/em><\/p>\n\n\n\n<p><em>\u201cUna vez que est\u00e9n hechas las evaluaciones del caso de los organismos t\u00e9cnicos con coordinaci\u00f3n del Ministerio P\u00fablico Fiscal, se va a determinar la situaci\u00f3n definitiva de la ni\u00f1a y su contexto familiar\u201d.<\/em><\/p>\n\n\n\n<p><em>\u201cTodas las escuelas de la provincia tienen un Servicio de Orientaci\u00f3n y Apoyo a los Estudiantes, que son horas espec\u00edficas donde los directivos y los equipos de la escuela determinan qu\u00e9 profesionales pueden asistir. Muchas veces no son aspectos de salud, pero -especialmente en este tipo de casos- hay un protocolo de prevenci\u00f3n de situaciones emergentes. El protocolo se aplic\u00f3\u201d.<\/em><\/p>\n\n\n\n<p><em>\u201cEn el legajo de esta estudiante no hay antecedentes de asistencia al&nbsp;Servicio de Orientaci\u00f3n y Apoyo a los Estudiantes&nbsp;por bullying o salud mental\u201d.<\/em><\/p>\n\n\n\n<p><em>\u201cEs la primera vez que este antecedente sucede en una escuela en la provincia de Mendoza y que se active el protocolo por haber realizado disparos con un arma de fuego. Nos invita a la reflexi\u00f3n a todos: padres, directos, docentes\u2026 \u201c.<\/em><\/p>\n\n\n\n<p><em>\u201cYa venimos haciendo acciones con jornadas de capacitaci\u00f3n docente que van a seguir. Vamos mejorar protocolos y trabajar sobre la responsabilidad de los padres. El C\u00f3digo Contravencional de la Provincia tiene determinadas figuras y vamos a proponer reformas en materia espec\u00edfica en algunos tipos de casos donde hay bullying ver que responsabilidad le cae a los padres. No es s\u00f3lo responsabilidad de lo que sucede de 8 a 13. Hay muchas cosas que evidentemente necesitamos acompa\u00f1amiento de la familia\u201d.<\/em><\/p>\n\n\n\n<p><strong>Fuente: www.elsol.com.ar<\/strong><\/p>\n","protected":false},"excerpt":{"rendered":"<p>Los ministros de Educaci\u00f3n, Infancias, Cultura y DGE,&nbsp;Tadeo Garc\u00eda&nbsp;Zalazar, y de Seguridad y Justicia,&nbsp;Mercedes Rus,&nbsp;dieron una conferencia de prensa para brindar detalles del&nbsp;operativo&nbsp;llevado adelante a ra\u00edz de lo ocurrido en la&nbsp;escuela Marcelino Blanco, de La Paz. Los funcionarios confirmaron que la joven de 14 a\u00f1os entreg\u00f3 el arma y que est\u00e1 siendo abordada por profesionales [&hellip;]<\/p>\n","protected":false},"author":2,"featured_media":14694,"comment_status":"open","ping_status":"open","sticky":false,"template":"","format":"standard","meta":[],"categories":[47],"tags":[],"_links":{"self":[{"href":"https:\/\/pasaenmendoza.com\/index.php?rest_route=\/wp\/v2\/posts\/14693"}],"collection":[{"href":"https:\/\/pasaenmendoza.com\/index.php?rest_route=\/wp\/v2\/posts"}],"about":[{"href":"https:\/\/pasaenmendoza.com\/index.php?rest_route=\/wp\/v2\/types\/post"}],"author":[{"embeddable":true,"href":"https:\/\/pasaenmendoza.com\/index.php?rest_route=\/wp\/v2\/users\/2"}],"replies":[{"embeddable":true,"href":"https:\/\/pasaenmendoza.com\/index.php?rest_route=%2Fwp%2Fv2%2Fcomments&post=14693"}],"version-history":[{"count":1,"href":"https:\/\/pasaenmendoza.com\/index.php?rest_route=\/wp\/v2\/posts\/14693\/revisions"}],"predecessor-version":[{"id":14695,"href":"https:\/\/pasaenmendoza.com\/index.php?rest_route=\/wp\/v2\/posts\/14693\/revisions\/14695"}],"wp:featuredmedia":[{"embeddable":true,"href":"https:\/\/pasaenmendoza.com\/index.php?rest_route=\/wp\/v2\/media\/14694"}],"wp:attachment":[{"href":"https:\/\/pasaenmendoza.com\/index.php?rest_route=%2Fwp%2Fv2%2Fmedia&parent=14693"}],"wp:term":[{"taxonomy":"category","embeddable":true,"href":"https:\/\/pasaenmendoza.com\/index.php?rest_route=%2Fwp%2Fv2%2Fcategories&post=14693"},{"taxonomy":"post_tag","embeddable":true,"href":"https:\/\/pasaenmendoza.com\/index.php?rest_route=%2Fwp%2Fv2%2Ftags&post=14693"}],"curies":[{"name":"wp","href":"https:\/\/api.w.org\/{rel}","templated":true}]}}