{"id":14702,"date":"2025-09-11T15:56:39","date_gmt":"2025-09-11T13:56:39","guid":{"rendered":"https:\/\/pasaenmendoza.com\/?p=14702"},"modified":"2025-09-11T15:56:40","modified_gmt":"2025-09-11T13:56:40","slug":"la-llamada-banda-de-asaltantes-mas-grande-de-mendoza-y-el-pedido-para-que-siga-en-la-carcel","status":"publish","type":"post","link":"https:\/\/pasaenmendoza.com\/?p=14702","title":{"rendered":"La llamada banda de asaltantes m\u00e1s grande de Mendoza y el pedido para que siga en la c\u00e1rcel"},"content":{"rendered":"\n<p>La causa que investiga una presunta\u00a0<strong>asociaci\u00f3n il\u00edcita\u00a0<\/strong>liderada por un polic\u00eda y un reconocido delincuente de Guaymall\u00e9n avanz\u00f3 este jueves a una instancia clave: el fiscal de Robos y Hurtos Jos\u00e9 Manuel Garc\u00eda Mango comenz\u00f3 con su pedido de prisi\u00f3n preventiva para casi una veintena de imputados y expuso durante m\u00e1s de tres horas ante una jueza y abogados defensores las pruebas reunidas en la instrucci\u00f3n con el detalle de los hechos. El caso incluye escuchas telef\u00f3nicas, informes de la Divisi\u00f3n Robos y Hurtos de Investigaciones y el resultado de los \u00faltimos 32 allanamientos realizados en el Gran Mendoza a mediados de agosto, que permitieron fortalecer la instrucci\u00f3n que se inici\u00f3 en marzo.<\/p>\n\n\n\n<p>De acuerdo con la acusaci\u00f3n del caso revelado por&nbsp;<em><strong>El Sol<\/strong><\/em>, la organizaci\u00f3n estaba encabezada por el oficial inspector&nbsp;<strong>Sergio Joel Ant\u00fanez Ladino&nbsp;<\/strong>-quien prestaba servicios en la Comisar\u00eda 44 del barrio&nbsp; Unimev de Guaymall\u00e9n- y por el reconocido asaltante&nbsp;<strong>Dar\u00edo Emiliano Zuleta Sosa<\/strong>, alias \u201c<em>Huevo<\/em>\u201d o \u201c<em>Hitman<\/em>\u201d. Los dos fueron llevados al Polo Judicial, junto a una decena de se\u00f1alados integrantes de la banda, para presenciar la audiencia.<\/p>\n\n\n\n<p>Ambos est\u00e1n se\u00f1alados como organizadores de la estructura delictiva que, seg\u00fan la hip\u00f3tesis del investigador, funcion\u00f3 de manera sostenida desde 2023 hasta comienzos de este a\u00f1o y que ten\u00eda casi 30 integrantes. No todos est\u00e1n detenidos.<\/p>\n\n\n\n<p>El fiscal les atribuy\u00f3 la planificaci\u00f3n de&nbsp;<strong>16 asaltos, escruches, salideras y entraderas, utilizando informaci\u00f3n sensible&nbsp;<\/strong>y, en algunos casos, elementos con identificaci\u00f3n policial para garantizar que los golpes se concretaran sin interferencias.<\/p>\n\n\n\n<p>Fuentes judiciales explicaron que, en su exposici\u00f3n, Garc\u00eda Mango describi\u00f3 ante la jueza Claudia Daniela Tula que la investigaci\u00f3n logr\u00f3 acreditar la existencia de una estructura organizada con divisi\u00f3n de roles, principalmente con los dos cabecillas. Para sostener el pedido de la medida cautelar, exhibi\u00f3 hechos en los que los sospechosos coordinaban movimientos y compart\u00edan informaci\u00f3n sobre potenciales v\u00edctimas.<\/p>\n\n\n\n<p>A esto se sumaron informes t\u00e9cnicos elaborados por RyH de Investigaciones, donde se detallan seguimientos, an\u00e1lisis de antenas de telefon\u00eda celular y pericias sobre los veh\u00edculos utilizados en los delitos, adem\u00e1s de la identificaci\u00f3n de los casos y las declaraciones de testigos relevantes,\u00a0<strong>entre ellos un polic\u00eda que conoc\u00eda a Ant\u00fanez y se transform\u00f3 en una pieza clave de la causa<\/strong>, debido a que fue bautizado como un \u201c<em>topo<\/em>\u201d que pasaba informaci\u00f3n sobre todos los movimientos de la organizaci\u00f3n antes de que se ordenaran los primeros allanamientos en mayo.<\/p>\n\n\n\n<p>Uno de los puntos m\u00e1s significativos del pedido&nbsp;<strong>tiene presente la incorporaci\u00f3n de los resultados de los 32 allanamientos realizados Guaymall\u00e9n, Las Heras y Maip\u00fa<\/strong>, que sirvieron para detener a m\u00e1s sospechosos e incorporar nuevas pruebas para peritajes.<\/p>\n\n\n\n<p>En esos procedimientos se secuestraron armas de fuego, inhibidores de alarma, tel\u00e9fonos celulares, documentaci\u00f3n de veh\u00edculos, dinero en efectivo en pesos y d\u00f3lares, marihuana, coca\u00edna y objetos denunciados como robados.<\/p>\n\n\n\n<p>Adem\u00e1s,\u00a0<strong>fueron detenidas 10 personas que luego fueron imputadas como integrantes de la asociaci\u00f3n il\u00edcita\u00a0<\/strong>y que luego se sumaron a la lista que enfrenta la audiencia de la medida de coerci\u00f3n.<\/p>\n\n\n\n<p>La causa tambi\u00e9n involucra a reconocidos delincuentes de la provincia y de otros pa\u00edses, entre ellos el chileno\u00a0<strong>Juan Alberto Chodiman Paillan<\/strong>, detenido en mayo de este a\u00f1o, y recientemente imputados como Marcos Pablo Ibarzabal Peinado, Alfredo Emmanuel Castellanos Villavicencio, Juan Eduardo Cabrera Mallon, Cintia Daniela Pizarro Guti\u00e9rrez y Jerem\u00edas Javier Riera Mendoza, entre otros como\u00a0<strong>Leonardo Dar\u00edo Salinas Pedroza, Jes\u00fas Sebasti\u00e1n Rodr\u00edguez Quiroga,\u00a0Claudio Daniel Montoya y\u00a0Miguel Osvaldo Cardozo,\u00a0\u00a0<\/strong>quienes ya se encontraban tras las rejas y otros que se sumaron durante las medidas de mediados de agosto. Algunos fueron excarcelados a cambio del pago de cauciones millonarias pero continuaban sometidos a proceso.<\/p>\n\n\n\n<p>Para el fiscal, la participaci\u00f3n de la mayor\u00eda de ellos qued\u00f3 acreditada mediante un c\u00famulo de pruebas que va desde el secuestro de elementos denunciados como sustra\u00eddos hasta la detecci\u00f3n de comunicaciones previas y posteriores a los hechos denunciados.<\/p>\n\n\n\n<p>La audiencia para resolver el pedido de prisi\u00f3n preventiva continuar\u00e1 el 30 de setiembre a las 14. Si la jueza hace lugar al planteo de la fiscal\u00eda y dicta la medida cautelar, la mayor\u00eda de los acusados continuar\u00e1 tras las rejas mientras contin\u00faa la instrucci\u00f3n. Previamente,&nbsp;<strong>las defensas de los acusados tendr\u00e1n la oportunidad de exponer para cuestionar los elementos probatorios<\/strong>&nbsp;reunidos por el Ministerio P\u00fablico.<\/p>\n\n\n\n<p>Por lo que detallaron las fuentes, la causa sigue abierta y los pesquisas no descartan nuevas detenciones en el expediente, ya que existen pr\u00f3fugos identificados y otras l\u00edneas de investigaci\u00f3n en curso que podr\u00edan ampliar el n\u00famero de integrantes de la red delictiva, una de las m\u00e1s grandes de Mendoza y que tiene a otros polic\u00edas en actividad y retirados en la mira.<\/p>\n\n\n\n<h2 class=\"wp-block-heading\" id=\"h-allanamientos-masivos\">Allanamientos masivos<\/h2>\n\n\n\n<p>Los 32 allanamientos se realizaron el 14 de agosto en barrios de Guaymall\u00e9n como el barrio Unimev, y localidades como El Bermejo, Pedro Molina, Jes\u00fas Nazareno de Guaymall\u00e9n y Villa Hip\u00f3dromo, en Godoy Cruz, adem\u00e1s de viviendas en Las Heras y Maip\u00fa.<\/p>\n\n\n\n<p>En total, Investigaciones secuestr\u00f3 m\u00e1s de 30 tel\u00e9fonos celulares que fueron direccionados para peritajes, alrededor de\u00a0<strong>6 millones de pesos en efectivo y una suma importante en d\u00f3lares y euros que se vincula directamente con algunos de los robos\u00a0<\/strong>que est\u00e1n en proceso de instrucci\u00f3n.<\/p>\n\n\n\n<p>Tambi\u00e9n se hallaron chalecos antibalas, inhibidores de se\u00f1al, cargadores y municiones, documentaci\u00f3n de inter\u00e9s y hasta una Ford Territory negra que habr\u00eda sido utilizada en el golpe millonario al barrio cerrado La Bajada.<\/p>\n\n\n\n<p>Para los detectives policiales y judiciales, el c\u00famulo de evidencias permiti\u00f3 reforzar el pedido de prisi\u00f3n preventiva y robustecer la acusaci\u00f3n de asociaci\u00f3n il\u00edcita.<\/p>\n\n\n\n<p><strong>Fuente: www.elsol.com.ar<\/strong><\/p>\n","protected":false},"excerpt":{"rendered":"<p>La causa que investiga una presunta\u00a0asociaci\u00f3n il\u00edcita\u00a0liderada por un polic\u00eda y un reconocido delincuente de Guaymall\u00e9n avanz\u00f3 este jueves a una instancia clave: el fiscal de Robos y Hurtos Jos\u00e9 Manuel Garc\u00eda Mango comenz\u00f3 con su pedido de prisi\u00f3n preventiva para casi una veintena de imputados y expuso durante m\u00e1s de tres horas ante una [&hellip;]<\/p>\n","protected":false},"author":2,"featured_media":14703,"comment_status":"open","ping_status":"open","sticky":false,"template":"","format":"standard","meta":[],"categories":[48],"tags":[],"_links":{"self":[{"href":"https:\/\/pasaenmendoza.com\/index.php?rest_route=\/wp\/v2\/posts\/14702"}],"collection":[{"href":"https:\/\/pasaenmendoza.com\/index.php?rest_route=\/wp\/v2\/posts"}],"about":[{"href":"https:\/\/pasaenmendoza.com\/index.php?rest_route=\/wp\/v2\/types\/post"}],"author":[{"embeddable":true,"href":"https:\/\/pasaenmendoza.com\/index.php?rest_route=\/wp\/v2\/users\/2"}],"replies":[{"embeddable":true,"href":"https:\/\/pasaenmendoza.com\/index.php?rest_route=%2Fwp%2Fv2%2Fcomments&post=14702"}],"version-history":[{"count":1,"href":"https:\/\/pasaenmendoza.com\/index.php?rest_route=\/wp\/v2\/posts\/14702\/revisions"}],"predecessor-version":[{"id":14704,"href":"https:\/\/pasaenmendoza.com\/index.php?rest_route=\/wp\/v2\/posts\/14702\/revisions\/14704"}],"wp:featuredmedia":[{"embeddable":true,"href":"https:\/\/pasaenmendoza.com\/index.php?rest_route=\/wp\/v2\/media\/14703"}],"wp:attachment":[{"href":"https:\/\/pasaenmendoza.com\/index.php?rest_route=%2Fwp%2Fv2%2Fmedia&parent=14702"}],"wp:term":[{"taxonomy":"category","embeddable":true,"href":"https:\/\/pasaenmendoza.com\/index.php?rest_route=%2Fwp%2Fv2%2Fcategories&post=14702"},{"taxonomy":"post_tag","embeddable":true,"href":"https:\/\/pasaenmendoza.com\/index.php?rest_route=%2Fwp%2Fv2%2Ftags&post=14702"}],"curies":[{"name":"wp","href":"https:\/\/api.w.org\/{rel}","templated":true}]}}