{"id":14717,"date":"2025-09-11T21:46:40","date_gmt":"2025-09-11T19:46:40","guid":{"rendered":"https:\/\/pasaenmendoza.com\/?p=14717"},"modified":"2025-09-11T21:46:41","modified_gmt":"2025-09-11T19:46:41","slug":"estos-seran-los-cambios-en-el-codigo-contravencional-de-mendoza-luego-del-caso-de-la-alumna-de-la-paz","status":"publish","type":"post","link":"https:\/\/pasaenmendoza.com\/?p=14717","title":{"rendered":"Estos ser\u00e1n los cambios en el C\u00f3digo Contravencional de Mendoza, luego del caso de la alumna de La Paz"},"content":{"rendered":"\n<p>El ministro de Educaci\u00f3n de Mendoza y titular de la Direcci\u00f3n General de Escuelas (DGE),&nbsp;<strong>Tadeo Garc\u00eda Zalazar<\/strong>&nbsp;confirm\u00f3 que se activ\u00f3 por primera vez el&nbsp;<strong>protocolo escolar ante disparos dentro de un establecimiento educativo<\/strong>, luego de lo ocurrido con la estudiante de la escuela de La Paz que llev\u00f3 un arma al colegio y se atrincher\u00f3 por m\u00e1s de cinco horas.<\/p>\n\n\n\n<p>Por este motivo, si bien ya se ven\u00eda trabajando, desde la DGE buscar\u00e1n avanzar con una\u00a0<strong>una reforma legislativa para el sector<\/strong>\u00a0que\u00a0<strong>modifique el C\u00f3digo Contravencional de la provincia<\/strong>\u00a0para incorporar figuras que contemplen la\u00a0<strong>responsabilidad parental en hechos de violencia escolar<\/strong>, incluidos casos de\u00a0<strong>acoso (bullying)<\/strong>\u00a0o conductas graves de estudiantes dentro y fuera del \u00e1mbito escolar.<\/p>\n\n\n\n<p><em>\u201cEs la primera vez que se activa este protocolo en una escuela de Mendoza por disparos con un arma de fuego dentro del establecimiento\u201d<\/em>, sostuvo&nbsp;<strong>Garc\u00eda Zalazar<\/strong>.<\/p>\n\n\n\n<p>En lo planificado se destacan<strong>&nbsp;capacitaciones, etapas de prevenci\u00f3n y abordajes espec\u00edficos<\/strong>. Estos ser\u00e1n de car\u00e1cter&nbsp;<em>\u201cobligatorio\u201d<\/em>&nbsp;para los docentes y se les dar\u00e1 tiempo para que puedan realizarlo.<\/p>\n\n\n\n<p>El funcionario remarc\u00f3 que, m\u00e1s all\u00e1 de la respuesta inmediata ante la emergencia, el hecho revela la necesidad de&nbsp;<strong>revisar y actualizar los protocolos vigentes<\/strong>, as\u00ed como tambi\u00e9n ampliar el enfoque sobre la responsabilidad de los adultos responsables.<\/p>\n\n\n\n<p><em>\u201cVamos a trabajar mucho sobre la responsabilidad de los padres. No se trata solo de lo que pasa dentro de la escuela de 8 a 13. La primera educadora es la familia. Necesitamos ese acompa\u00f1amiento\u201d<\/em>, enfatiz\u00f3 el funcionario.<\/p>\n\n\n\n<h2 class=\"wp-block-heading\" id=\"h-prevencion-formacion-docente-y-sanciones\">Prevenci\u00f3n, formaci\u00f3n docente y sanciones<\/h2>\n\n\n\n<p>La&nbsp;<strong>jefa de Gabinete de la DGE, Daniela Garc\u00eda<\/strong>&nbsp;dej\u00f3 en claro que la reforma forma parte de un&nbsp;<strong>paquete m\u00e1s amplio de pol\u00edticas p\u00fablicas<\/strong>&nbsp;destinadas a abordar el acoso escolar desde m\u00faltiples dimensiones.<\/p>\n\n\n\n<p><em>\u201cEsto no surge \u00fanicamente por el caso de La Paz. Hace tiempo venimos trabajando en pol\u00edticas contra el bullying. Esta reforma es la \u00faltima instancia de un plan que incluye capacitaciones obligatorias, prevenci\u00f3n y abordajes espec\u00edficos\u201d<\/em>, detall\u00f3.<\/p>\n\n\n\n<p>Garc\u00eda confirm\u00f3 que las modificaciones al c\u00f3digo estar\u00e1n listas en los pr\u00f3ximos&nbsp;<strong>7 a 15 d\u00edas<\/strong>, y que el proceso cont\u00f3 con el aporte interdisciplinario de&nbsp;<strong>psic\u00f3logos, psiquiatras, abogados y especialistas en educaci\u00f3n<\/strong>.<\/p>\n\n\n\n<p>Con la iniciativa, el gobierno provincial determin\u00f3 que busca enviar una se\u00f1al clara: la violencia escolar, ya sea f\u00edsica o psicol\u00f3gica, requiere una\u00a0<strong>respuesta integral\u00a0<\/strong>donde las familias tambi\u00e9n asuman un rol activo y responsable.<\/p>\n\n\n\n<p><strong>Fuente: www.elsol.com.ar<\/strong><\/p>\n","protected":false},"excerpt":{"rendered":"<p>El ministro de Educaci\u00f3n de Mendoza y titular de la Direcci\u00f3n General de Escuelas (DGE),&nbsp;Tadeo Garc\u00eda Zalazar&nbsp;confirm\u00f3 que se activ\u00f3 por primera vez el&nbsp;protocolo escolar ante disparos dentro de un establecimiento educativo, luego de lo ocurrido con la estudiante de la escuela de La Paz que llev\u00f3 un arma al colegio y se atrincher\u00f3 por [&hellip;]<\/p>\n","protected":false},"author":2,"featured_media":14718,"comment_status":"open","ping_status":"open","sticky":false,"template":"","format":"standard","meta":[],"categories":[121],"tags":[],"_links":{"self":[{"href":"https:\/\/pasaenmendoza.com\/index.php?rest_route=\/wp\/v2\/posts\/14717"}],"collection":[{"href":"https:\/\/pasaenmendoza.com\/index.php?rest_route=\/wp\/v2\/posts"}],"about":[{"href":"https:\/\/pasaenmendoza.com\/index.php?rest_route=\/wp\/v2\/types\/post"}],"author":[{"embeddable":true,"href":"https:\/\/pasaenmendoza.com\/index.php?rest_route=\/wp\/v2\/users\/2"}],"replies":[{"embeddable":true,"href":"https:\/\/pasaenmendoza.com\/index.php?rest_route=%2Fwp%2Fv2%2Fcomments&post=14717"}],"version-history":[{"count":1,"href":"https:\/\/pasaenmendoza.com\/index.php?rest_route=\/wp\/v2\/posts\/14717\/revisions"}],"predecessor-version":[{"id":14719,"href":"https:\/\/pasaenmendoza.com\/index.php?rest_route=\/wp\/v2\/posts\/14717\/revisions\/14719"}],"wp:featuredmedia":[{"embeddable":true,"href":"https:\/\/pasaenmendoza.com\/index.php?rest_route=\/wp\/v2\/media\/14718"}],"wp:attachment":[{"href":"https:\/\/pasaenmendoza.com\/index.php?rest_route=%2Fwp%2Fv2%2Fmedia&parent=14717"}],"wp:term":[{"taxonomy":"category","embeddable":true,"href":"https:\/\/pasaenmendoza.com\/index.php?rest_route=%2Fwp%2Fv2%2Fcategories&post=14717"},{"taxonomy":"post_tag","embeddable":true,"href":"https:\/\/pasaenmendoza.com\/index.php?rest_route=%2Fwp%2Fv2%2Ftags&post=14717"}],"curies":[{"name":"wp","href":"https:\/\/api.w.org\/{rel}","templated":true}]}}