{"id":14720,"date":"2025-09-12T14:20:44","date_gmt":"2025-09-12T12:20:44","guid":{"rendered":"https:\/\/pasaenmendoza.com\/?p=14720"},"modified":"2025-09-12T14:20:45","modified_gmt":"2025-09-12T12:20:45","slug":"el-tiempo-en-mendoza-fin-de-semana-caluroso-y-probabilidad-de-viento-zonda","status":"publish","type":"post","link":"https:\/\/pasaenmendoza.com\/?p=14720","title":{"rendered":"El tiempo en Mendoza: fin de semana caluroso y probabilidad de viento Zonda"},"content":{"rendered":"\n<p>Los mendocinos se preparan para enfrentar un fin de semana marcado por el calor y la inminente llegada del viento Zonda, seg\u00fan el pron\u00f3stico extendido de la Direcci\u00f3n de Contingencias Clim\u00e1ticas. Las temperaturas ir\u00e1n en ascenso, con picos que podr\u00edan rozar los 28\u00b0C, antes de un leve respiro el domingo.<\/p>\n\n\n\n<h2 class=\"wp-block-heading\" id=\"h-viernes-caluroso-y-despejado\">Viernes caluroso y despejado<\/h2>\n\n\n\n<p>La jornada de este viernes 12 de septiembre se presenta con un \u201ctiempo bueno\u201d y una notable suba de la temperatura. Se espera una m\u00e1xima de 25\u00b0C y una m\u00ednima de 10\u00b0C. El d\u00eda estar\u00e1 dominado por un\u00a0<strong>cielo despejado<\/strong>, con una circulaci\u00f3n de\u00a0<strong>viento leve de norte a sur<\/strong>\u00a0que se mantendr\u00e1 hasta la noche. La \u00fanica excepci\u00f3n en la tranquilidad clim\u00e1tica ser\u00e1 la zona Sur, donde se espera algo de nubosidad a partir de las 22:00.<\/p>\n\n\n\n<h2 class=\"wp-block-heading\" id=\"h-alerta-por-zonda-y-alta-temperatura-el-sabado\">Alerta por Zonda y alta temperatura el s\u00e1bado<\/h2>\n\n\n\n<p>El d\u00eda de mayor atenci\u00f3n ser\u00e1 el s\u00e1bado. El informe de Contingencias Clim\u00e1ticas advierte sobre la&nbsp;<strong>aparici\u00f3n del viento Zonda<\/strong>, que se sentir\u00e1 con una intensidad \u201cde leve a moderada\u201d en la precordillera sur y en el departamento de Malarg\u00fce. La r\u00e1faga se espera entre las 10:00 y las 17:00.<\/p>\n\n\n\n<p>Pero el Zonda no vendr\u00e1 solo. Acompa\u00f1ar\u00e1 la suba de la temperatura en el llano, donde el term\u00f3metro podr\u00eda alcanzar una m\u00e1xima de\u00a0<strong>28\u00b0C<\/strong>. Sin embargo, la jornada finalizar\u00e1 con el ingreso de\u00a0<strong>viento sur<\/strong>, que marcar\u00e1 el inicio de un descenso t\u00e9rmico.<\/p>\n\n\n\n<h2 class=\"wp-block-heading\" id=\"h-el-domingo-un-leve-descenso-de-la-temperatura\">El domingo, un leve descenso de la temperatura<\/h2>\n\n\n\n<p>El domingo traer\u00e1 un alivio, aunque las temperaturas seguir\u00e1n siendo agradables. Se espera un d\u00eda \u201calgo nublado\u201d y una m\u00e1xima que se ubicar\u00e1\u00a0<strong>cerca de los 20\u00b0C<\/strong>. A pesar de la baja t\u00e9rmica en el llano, la inestabilidad se trasladar\u00e1 a la cordillera, donde se recomienda estar atentos a las condiciones del tiempo.<\/p>\n\n\n\n<p><strong>Fuente: www.elsol.com.ar<\/strong><\/p>\n","protected":false},"excerpt":{"rendered":"<p>Los mendocinos se preparan para enfrentar un fin de semana marcado por el calor y la inminente llegada del viento Zonda, seg\u00fan el pron\u00f3stico extendido de la Direcci\u00f3n de Contingencias Clim\u00e1ticas. Las temperaturas ir\u00e1n en ascenso, con picos que podr\u00edan rozar los 28\u00b0C, antes de un leve respiro el domingo. Viernes caluroso y despejado La [&hellip;]<\/p>\n","protected":false},"author":2,"featured_media":14721,"comment_status":"open","ping_status":"open","sticky":false,"template":"","format":"standard","meta":[],"categories":[52],"tags":[],"_links":{"self":[{"href":"https:\/\/pasaenmendoza.com\/index.php?rest_route=\/wp\/v2\/posts\/14720"}],"collection":[{"href":"https:\/\/pasaenmendoza.com\/index.php?rest_route=\/wp\/v2\/posts"}],"about":[{"href":"https:\/\/pasaenmendoza.com\/index.php?rest_route=\/wp\/v2\/types\/post"}],"author":[{"embeddable":true,"href":"https:\/\/pasaenmendoza.com\/index.php?rest_route=\/wp\/v2\/users\/2"}],"replies":[{"embeddable":true,"href":"https:\/\/pasaenmendoza.com\/index.php?rest_route=%2Fwp%2Fv2%2Fcomments&post=14720"}],"version-history":[{"count":1,"href":"https:\/\/pasaenmendoza.com\/index.php?rest_route=\/wp\/v2\/posts\/14720\/revisions"}],"predecessor-version":[{"id":14722,"href":"https:\/\/pasaenmendoza.com\/index.php?rest_route=\/wp\/v2\/posts\/14720\/revisions\/14722"}],"wp:featuredmedia":[{"embeddable":true,"href":"https:\/\/pasaenmendoza.com\/index.php?rest_route=\/wp\/v2\/media\/14721"}],"wp:attachment":[{"href":"https:\/\/pasaenmendoza.com\/index.php?rest_route=%2Fwp%2Fv2%2Fmedia&parent=14720"}],"wp:term":[{"taxonomy":"category","embeddable":true,"href":"https:\/\/pasaenmendoza.com\/index.php?rest_route=%2Fwp%2Fv2%2Fcategories&post=14720"},{"taxonomy":"post_tag","embeddable":true,"href":"https:\/\/pasaenmendoza.com\/index.php?rest_route=%2Fwp%2Fv2%2Ftags&post=14720"}],"curies":[{"name":"wp","href":"https:\/\/api.w.org\/{rel}","templated":true}]}}