{"id":14723,"date":"2025-09-12T14:25:23","date_gmt":"2025-09-12T12:25:23","guid":{"rendered":"https:\/\/pasaenmendoza.com\/?p=14723"},"modified":"2025-09-12T14:25:24","modified_gmt":"2025-09-12T12:25:24","slug":"cornejo-inauguro-en-lujan-el-primer-laboratorio-de-certificacion-de-alcoholimetros-de-cuyo","status":"publish","type":"post","link":"https:\/\/pasaenmendoza.com\/?p=14723","title":{"rendered":"Cornejo inaugur\u00f3 en Luj\u00e1n el primer laboratorio de certificaci\u00f3n de alcohol\u00edmetros de Cuyo"},"content":{"rendered":"\n<p>El gobernador Alfredo Cornejo encabez\u00f3 este jueves la inauguraci\u00f3n del primer laboratorio de certificaci\u00f3n de alcohol\u00edmetros de la regi\u00f3n de Cuyo, ubicado en Luj\u00e1n de Cuyo. La nueva infraestructura busca agilizar la verificaci\u00f3n de equipos utilizados en los controles de alcoholemia, un proceso que hasta ahora deb\u00eda realizarse fuera de la provincia, con mayores costos y demoras.<\/p>\n\n\n\n<p>\u201c<em>Inauguramos en Luj\u00e1n el primer laboratorio de certificaci\u00f3n de alcohol\u00edmetros de toda la regi\u00f3n de Cuyo. Un paso muy importante que nos permitir\u00e1 agilizar la verificaci\u00f3n de equipos que hasta ahora se realizaba fuera de la provincia, lo que implicaba m\u00e1s costo y tiempo operativo<\/em>\u201c, afirm\u00f3 el mandatario a trav\u00e9s de la red social X.<\/p>\n\n\n\n<p>En su mensaje, Cornejo enmarc\u00f3 el proyecto dentro de la estrategia provincial para reforzar los controles de tr\u00e1nsito. El mandatario destac\u00f3 que durante 2024 los operativos de alcoholemia aumentaron un 280% en comparaci\u00f3n con el a\u00f1o anterior, lo que contribuy\u00f3 a una baja en la tasa de positividad en las actas viales.<\/p>\n\n\n\n<p><em>\u201cEl laboratorio se enmarca en nuestra agenda de seguridad vial, para continuar reforzando los controles de alcoholemia. Solo en 2024 los operativos crecieron un 280% y eso se tradujo en una reducci\u00f3n de la tasa de positividad en las actas viales. Una pol\u00edtica integral que combina inversi\u00f3n, tecnolog\u00eda y m\u00e1s controles en la calle<\/em>\u201c, explic\u00f3 Cornejo.<\/p>\n\n\n\n<p>La iniciativa demand\u00f3 una inversi\u00f3n inicial de 44 millones de pesos y funcionar\u00e1 en convenio con el Instituto Nacional de Tecnolog\u00eda Industrial (INTI).<\/p>\n\n\n\n<p>Seg\u00fan se inform\u00f3, el laboratorio prestar\u00e1 servicios no solo a Mendoza, sino tambi\u00e9n a municipios y provincias vecinas que adhieran al acuerdo, lo que lo convierte en un espacio de referencia regional en materia de seguridad vial.<\/p>\n\n\n\n<p><strong>Fuente: www.elsol.com.ar<\/strong><\/p>\n","protected":false},"excerpt":{"rendered":"<p>El gobernador Alfredo Cornejo encabez\u00f3 este jueves la inauguraci\u00f3n del primer laboratorio de certificaci\u00f3n de alcohol\u00edmetros de la regi\u00f3n de Cuyo, ubicado en Luj\u00e1n de Cuyo. La nueva infraestructura busca agilizar la verificaci\u00f3n de equipos utilizados en los controles de alcoholemia, un proceso que hasta ahora deb\u00eda realizarse fuera de la provincia, con mayores costos [&hellip;]<\/p>\n","protected":false},"author":2,"featured_media":14724,"comment_status":"open","ping_status":"open","sticky":false,"template":"","format":"standard","meta":[],"categories":[47],"tags":[],"_links":{"self":[{"href":"https:\/\/pasaenmendoza.com\/index.php?rest_route=\/wp\/v2\/posts\/14723"}],"collection":[{"href":"https:\/\/pasaenmendoza.com\/index.php?rest_route=\/wp\/v2\/posts"}],"about":[{"href":"https:\/\/pasaenmendoza.com\/index.php?rest_route=\/wp\/v2\/types\/post"}],"author":[{"embeddable":true,"href":"https:\/\/pasaenmendoza.com\/index.php?rest_route=\/wp\/v2\/users\/2"}],"replies":[{"embeddable":true,"href":"https:\/\/pasaenmendoza.com\/index.php?rest_route=%2Fwp%2Fv2%2Fcomments&post=14723"}],"version-history":[{"count":1,"href":"https:\/\/pasaenmendoza.com\/index.php?rest_route=\/wp\/v2\/posts\/14723\/revisions"}],"predecessor-version":[{"id":14725,"href":"https:\/\/pasaenmendoza.com\/index.php?rest_route=\/wp\/v2\/posts\/14723\/revisions\/14725"}],"wp:featuredmedia":[{"embeddable":true,"href":"https:\/\/pasaenmendoza.com\/index.php?rest_route=\/wp\/v2\/media\/14724"}],"wp:attachment":[{"href":"https:\/\/pasaenmendoza.com\/index.php?rest_route=%2Fwp%2Fv2%2Fmedia&parent=14723"}],"wp:term":[{"taxonomy":"category","embeddable":true,"href":"https:\/\/pasaenmendoza.com\/index.php?rest_route=%2Fwp%2Fv2%2Fcategories&post=14723"},{"taxonomy":"post_tag","embeddable":true,"href":"https:\/\/pasaenmendoza.com\/index.php?rest_route=%2Fwp%2Fv2%2Ftags&post=14723"}],"curies":[{"name":"wp","href":"https:\/\/api.w.org\/{rel}","templated":true}]}}