{"id":14729,"date":"2025-09-12T14:44:38","date_gmt":"2025-09-12T12:44:38","guid":{"rendered":"https:\/\/pasaenmendoza.com\/?p=14729"},"modified":"2025-09-12T14:44:39","modified_gmt":"2025-09-12T12:44:39","slug":"identificaron-al-hombre-hallado-calcinado-en-guaymallen-y-detuvieron-al-presunto-homicida","status":"publish","type":"post","link":"https:\/\/pasaenmendoza.com\/?p=14729","title":{"rendered":"Identificaron al hombre hallado calcinado en Guaymall\u00e9n y detuvieron al presunto homicida"},"content":{"rendered":"\n<p>El&nbsp;<strong>Ministerio P\u00fablico Fiscal<\/strong>&nbsp;confirm\u00f3 que se logr\u00f3 identificar el&nbsp;<strong>cuerpo hallado calcinado en un descampado<\/strong>&nbsp;de&nbsp;<strong>Guaymall\u00e9n<\/strong>. Se trata de Norberto Alejandro S\u00e1nchez, de 78 a\u00f1os, domiciliado en Villa Nueva, quien hab\u00eda sido encontrado el lunes por la tarde en la intersecci\u00f3n de calles Manuel A. S\u00e1ez y Victoria.<\/p>\n\n\n\n<p>Seg\u00fan confirmaron fuentes judiciales, la Divisi\u00f3n de Homicidios de la Polic\u00eda de Mendoza\u00a0<strong>logr\u00f3 adem\u00e1s detener en la madrugada de este viernes a Mauro Ortega, de 33 a\u00f1os, conocido como \u201cBigote\u201d y fue identificado a trav\u00e9s de las grabaciones de las c\u00e1maras de seguridad de la zona<\/strong>. El hombre qued\u00f3 se\u00f1alado como el presunto autor del crimen, que se investiga bajo la calificaci\u00f3n de homicidio agravado.<\/p>\n\n\n\n<p><strong>Al parecer, Ortega habr\u00eda asesinado a S\u00e1nchez por una vivienda. Luego, lo traslad\u00f3 en una carretilla hasta el descampado donde luego intent\u00f3 incinerar el cuerpo.<\/strong><\/p>\n\n\n\n<p>El cad\u00e1ver fue hallado minutos antes de las 19 del lunes 8 de septiembre, tras un llamado al 911 que alert\u00f3 sobre la presencia de un hombre en llamas. La fiscal de Homicidios, Andrea Lazo, orden\u00f3 distintas medidas que permitieron orientar la investigaci\u00f3n y dar con el sospechoso, que ser\u00e1 imputado en las pr\u00f3ximas horas.<\/p>\n\n\n\n<p>Las pericias de Polic\u00eda Cient\u00edfica descartaron inicialmente la hip\u00f3tesis de un suicidio y confirmaron que S\u00e1nchez hab\u00eda sido apu\u00f1alado antes de ser prendido fuego.<\/p>\n\n\n\n<p><strong>Fuente: www.elsol.com.ar<\/strong><\/p>\n","protected":false},"excerpt":{"rendered":"<p>El&nbsp;Ministerio P\u00fablico Fiscal&nbsp;confirm\u00f3 que se logr\u00f3 identificar el&nbsp;cuerpo hallado calcinado en un descampado&nbsp;de&nbsp;Guaymall\u00e9n. Se trata de Norberto Alejandro S\u00e1nchez, de 78 a\u00f1os, domiciliado en Villa Nueva, quien hab\u00eda sido encontrado el lunes por la tarde en la intersecci\u00f3n de calles Manuel A. S\u00e1ez y Victoria. Seg\u00fan confirmaron fuentes judiciales, la Divisi\u00f3n de Homicidios de la [&hellip;]<\/p>\n","protected":false},"author":2,"featured_media":14730,"comment_status":"open","ping_status":"open","sticky":false,"template":"","format":"standard","meta":[],"categories":[48],"tags":[],"_links":{"self":[{"href":"https:\/\/pasaenmendoza.com\/index.php?rest_route=\/wp\/v2\/posts\/14729"}],"collection":[{"href":"https:\/\/pasaenmendoza.com\/index.php?rest_route=\/wp\/v2\/posts"}],"about":[{"href":"https:\/\/pasaenmendoza.com\/index.php?rest_route=\/wp\/v2\/types\/post"}],"author":[{"embeddable":true,"href":"https:\/\/pasaenmendoza.com\/index.php?rest_route=\/wp\/v2\/users\/2"}],"replies":[{"embeddable":true,"href":"https:\/\/pasaenmendoza.com\/index.php?rest_route=%2Fwp%2Fv2%2Fcomments&post=14729"}],"version-history":[{"count":1,"href":"https:\/\/pasaenmendoza.com\/index.php?rest_route=\/wp\/v2\/posts\/14729\/revisions"}],"predecessor-version":[{"id":14731,"href":"https:\/\/pasaenmendoza.com\/index.php?rest_route=\/wp\/v2\/posts\/14729\/revisions\/14731"}],"wp:featuredmedia":[{"embeddable":true,"href":"https:\/\/pasaenmendoza.com\/index.php?rest_route=\/wp\/v2\/media\/14730"}],"wp:attachment":[{"href":"https:\/\/pasaenmendoza.com\/index.php?rest_route=%2Fwp%2Fv2%2Fmedia&parent=14729"}],"wp:term":[{"taxonomy":"category","embeddable":true,"href":"https:\/\/pasaenmendoza.com\/index.php?rest_route=%2Fwp%2Fv2%2Fcategories&post=14729"},{"taxonomy":"post_tag","embeddable":true,"href":"https:\/\/pasaenmendoza.com\/index.php?rest_route=%2Fwp%2Fv2%2Ftags&post=14729"}],"curies":[{"name":"wp","href":"https:\/\/api.w.org\/{rel}","templated":true}]}}