{"id":14735,"date":"2025-09-12T23:18:27","date_gmt":"2025-09-12T21:18:27","guid":{"rendered":"https:\/\/pasaenmendoza.com\/?p=14735"},"modified":"2025-09-12T23:18:28","modified_gmt":"2025-09-12T21:18:28","slug":"la-rectora-de-la-uncuyo-convoco-a-una-marcha-en-contra-del-recorte-presupuestario","status":"publish","type":"post","link":"https:\/\/pasaenmendoza.com\/?p=14735","title":{"rendered":"La rectora de la UNCuyo convoc\u00f3 a una marcha en contra del recorte presupuestario"},"content":{"rendered":"\n<p>En defensa de la educaci\u00f3n p\u00fablica y en rechazo al recorte del presupuesto universitario, la rectora de la\u00a0<strong>UNCuyo,<\/strong>\u00a0Esther Sanchez, encabezar\u00e1 una marcha desde el predio de la casa de altos estudios hasta la plaza Independencia, donde se realizar\u00e1 el acto central. Ser\u00e1 este mi\u00e9rcoles 17 de septiembre.<\/p>\n\n\n\n<p>Este viernes hubo&nbsp;<strong>paro<\/strong>&nbsp;en las facultades y los colegios dependientes de la&nbsp;<strong>UNCuyo<\/strong>. Y a las 20, est\u00e1 previsto un ruidazo nacional convocado por los trabajadores y trabajadoras del hospital Garrahan contra el veto de Javier Milei a la Ley de Emergencia Pedi\u00e1trica.<\/p>\n\n\n\n<p>La protesta de la\u00a0<strong>UNCuyo<\/strong>\u00a0en Mendoza se concretar\u00e1 en coincidencia con la movilizaci\u00f3n que convoc\u00f3 el Consejo Interuniversitario Nacional (CIN) en respaldo a la Ley de Financiamiento Universitario que regres\u00f3 al Congreso tras el veto presidencial que se conoci\u00f3 hace dos d\u00edas y que sorprendi\u00f3 a muchos teniendo en cuenta el respaldo que hab\u00eda cosechado de parte de los legisladores.<\/p>\n\n\n\n<h2 class=\"wp-block-heading\">La protesta de la UNCuyo, liderada por Esther Sanchez<\/h2>\n\n\n\n<p>La marcha arrancar\u00e1 en el campus universitario y finalizar\u00e1 con un acto en la plaza Independencia. Est\u00e1 previsto que se escuchen las voces de sus protagonistas, entre ellos representantes de la Federaci\u00f3n Universitaria de Cuyo, centros de estudiantes, el frente sindical, el vicerrector de la&nbsp;<strong>UNCuyo<\/strong>, Gabriel Fidel, y la rectora&nbsp;<strong>Esther Sanchez<\/strong>.<\/p>\n\n\n\n<p>La concentraci\u00f3n ser\u00e1 a partir de las 16 en el ingreso al campus de la casa de altos estudios. Desde all\u00ed, a partir de las 16.30, la columna se desplazar\u00e1 por calle Carlos Lencinas, para seguir por Juan B. Justo y despu\u00e9s por avenida Las Heras hasta calle Chile, donde doblar\u00e1 al sur para llegar a la plaza Independencia. El acto de cierre se organiz\u00f3 para las 18.<\/p>\n\n\n\n<p>Este jueves, Sanchez y Fidel les reclamaron a los diputados y senadores nacionales por Mendoza que no avalen el veto de Milei a la Ley de Financiamiento Universitario. &#8220;Estamos llam\u00e1ndolos uno por uno&#8221;, cont\u00f3 la rectora de la\u00a0<strong>UNCuyo<\/strong>\u00a0sin perder la esperanza de que todos los legisladores mendocinos -en su mayor\u00eda recibidos en esa universidad- acompa\u00f1en el reclamo por una educaci\u00f3n p\u00fablica.<\/p>\n\n\n\n<p><strong>Fuente: www.diariouno.com.ar<\/strong><\/p>\n","protected":false},"excerpt":{"rendered":"<p>En defensa de la educaci\u00f3n p\u00fablica y en rechazo al recorte del presupuesto universitario, la rectora de la\u00a0UNCuyo,\u00a0Esther Sanchez, encabezar\u00e1 una marcha desde el predio de la casa de altos estudios hasta la plaza Independencia, donde se realizar\u00e1 el acto central. Ser\u00e1 este mi\u00e9rcoles 17 de septiembre. Este viernes hubo&nbsp;paro&nbsp;en las facultades y los colegios [&hellip;]<\/p>\n","protected":false},"author":2,"featured_media":14736,"comment_status":"open","ping_status":"open","sticky":false,"template":"","format":"standard","meta":[],"categories":[56],"tags":[],"_links":{"self":[{"href":"https:\/\/pasaenmendoza.com\/index.php?rest_route=\/wp\/v2\/posts\/14735"}],"collection":[{"href":"https:\/\/pasaenmendoza.com\/index.php?rest_route=\/wp\/v2\/posts"}],"about":[{"href":"https:\/\/pasaenmendoza.com\/index.php?rest_route=\/wp\/v2\/types\/post"}],"author":[{"embeddable":true,"href":"https:\/\/pasaenmendoza.com\/index.php?rest_route=\/wp\/v2\/users\/2"}],"replies":[{"embeddable":true,"href":"https:\/\/pasaenmendoza.com\/index.php?rest_route=%2Fwp%2Fv2%2Fcomments&post=14735"}],"version-history":[{"count":1,"href":"https:\/\/pasaenmendoza.com\/index.php?rest_route=\/wp\/v2\/posts\/14735\/revisions"}],"predecessor-version":[{"id":14737,"href":"https:\/\/pasaenmendoza.com\/index.php?rest_route=\/wp\/v2\/posts\/14735\/revisions\/14737"}],"wp:featuredmedia":[{"embeddable":true,"href":"https:\/\/pasaenmendoza.com\/index.php?rest_route=\/wp\/v2\/media\/14736"}],"wp:attachment":[{"href":"https:\/\/pasaenmendoza.com\/index.php?rest_route=%2Fwp%2Fv2%2Fmedia&parent=14735"}],"wp:term":[{"taxonomy":"category","embeddable":true,"href":"https:\/\/pasaenmendoza.com\/index.php?rest_route=%2Fwp%2Fv2%2Fcategories&post=14735"},{"taxonomy":"post_tag","embeddable":true,"href":"https:\/\/pasaenmendoza.com\/index.php?rest_route=%2Fwp%2Fv2%2Ftags&post=14735"}],"curies":[{"name":"wp","href":"https:\/\/api.w.org\/{rel}","templated":true}]}}