{"id":14741,"date":"2025-09-12T23:30:02","date_gmt":"2025-09-12T21:30:02","guid":{"rendered":"https:\/\/pasaenmendoza.com\/?p=14741"},"modified":"2025-09-12T23:30:03","modified_gmt":"2025-09-12T21:30:03","slug":"el-hospital-notti-tiene-el-primer-servicio-publico-de-trasplante-renal-pediatrico-del-interior-del-pais","status":"publish","type":"post","link":"https:\/\/pasaenmendoza.com\/?p=14741","title":{"rendered":"El hospital Notti tiene el primer servicio p\u00fablico de trasplante renal pedi\u00e1trico del interior del pa\u00eds"},"content":{"rendered":"\n<p>La\u00a0<strong>habilitaci\u00f3n del Servicio de Trasplante Renal Pedi\u00e1trico<\/strong>\u00a0se concret\u00f3 este viernes en el\u00a0<strong>Hospital Humberto Notti<\/strong>\u00a0y permitir\u00e1 brindar\u00a0<strong>atenci\u00f3n integral<\/strong>\u00a0a los\u00a0<strong>pacientes pedi\u00e1tricos con enfermedad renal<\/strong>, desde la evaluaci\u00f3n inicial hasta el seguimiento postrasplante. El acto cont\u00f3 con la presencia del\u00a0<strong>gobernador\u00a0Alfredo Cornejo<\/strong>,\u00a0el\u00a0<strong>ministro de Salud y Deportes\u00a0Rodolfo Montero<\/strong>, el\u00a0<strong>director del Incaimen Rodolfo Fern\u00e1ndez<\/strong>, junto a autoridades del\u00a0<strong>Incucai<\/strong>\u00a0y del centro asistencial.<\/p>\n\n\n\n<p>El servicio contar\u00e1 con un\u00a0<strong>equipo multidisciplinario<\/strong>\u00a0integrado por especialistas en\u00a0<strong>Nefrolog\u00eda, Urolog\u00eda, Cirug\u00eda General, Cirug\u00eda Cardiovascular, Infectolog\u00eda, Diagn\u00f3stico por Im\u00e1genes, Anatom\u00eda Patol\u00f3gica, Laboratorio, Cuidados Cr\u00edticos, Nutrici\u00f3n, Trabajo Social, Hemoterapia y Enfermer\u00eda pedi\u00e1trica<\/strong>.<\/p>\n\n\n\n<p>Con esta incorporaci\u00f3n, el Notti se transforma en el\u00a0<strong>primer hospital p\u00fablico del interior del pa\u00eds<\/strong>\u00a0en desarrollar este tipo de pr\u00e1cticas, lo que refuerza el rol de\u00a0<strong>Mendoza como polo de referencia en salud infantil<\/strong>. La iniciativa beneficiar\u00e1 no solo a pacientes locales, sino tambi\u00e9n a ni\u00f1os de\u00a0<strong>San Juan y San Luis<\/strong>, que podr\u00e1n acceder a la prestaci\u00f3n sin necesidad de trasladarse a\u00a0<strong>Buenos Aires<\/strong>.<\/p>\n\n\n\n<p>El\u00a0<strong>nuevo servicio<\/strong>\u00a0contempla adem\u00e1s un espacio de\u00a0<strong>capacitaci\u00f3n profesional<\/strong>, permitiendo la formaci\u00f3n en\u00a0<strong>trasplantes renales pedi\u00e1tricos<\/strong>. Seg\u00fan destac\u00f3 el gobernador, esta medida busca evitar que los ni\u00f1os deban permanecer en\u00a0<strong>di\u00e1lisis<\/strong>, reduciendo costos y mejorando su calidad de vida.<\/p>\n\n\n\n<p>El ministro Montero remarc\u00f3 que el objetivo es&nbsp;<strong>regionalizar el servicio<\/strong>&nbsp;y record\u00f3 que, si bien en&nbsp;<strong>C\u00f3rdoba<\/strong>&nbsp;y&nbsp;<strong>Santa Fe<\/strong>&nbsp;existen prestaciones similares, estas se concentran en el&nbsp;<strong>sector privado<\/strong>. En este sentido, el funcionario asegur\u00f3 que la idea es&nbsp;<strong>fortalecer al Notti como centro regional de referencia<\/strong>.<\/p>\n\n\n\n<p>Actualmente,\u00a0<strong>14 ni\u00f1os en di\u00e1lisis<\/strong>\u00a0ya est\u00e1n en evaluaci\u00f3n para ingresar a la lista de espera y otros\u00a0<strong>ocho pacientes de la regi\u00f3n de Cuyo<\/strong>\u00a0podr\u00edan sumarse en los pr\u00f3ximos meses. En este marco, el\u00a0<strong>Incaimen<\/strong>\u00a0firm\u00f3 un convenio con el\u00a0<strong>Hospital Central<\/strong>\u00a0para coordinar la cirug\u00eda de donantes vivos, cuyos \u00f3rganos se trasladar\u00e1n al Notti para la intervenci\u00f3n pedi\u00e1trica.<\/p>\n\n\n\n<h3 class=\"wp-block-heading\">Nueva infraestructura hospitalaria<\/h3>\n\n\n\n<p>En paralelo, el hospital avanza con dos&nbsp;<strong>obras de infraestructura sanitaria<\/strong>. La primera, de&nbsp;<strong>510 metros cuadrados<\/strong>, incluye un \u00e1rea de&nbsp;<strong>cirug\u00eda y recuperaci\u00f3n cardiovascular<\/strong>, con la instalaci\u00f3n de un&nbsp;<strong>angi\u00f3grafo de \u00faltima tecnolog\u00eda<\/strong>, dos&nbsp;<strong>quir\u00f3fanos<\/strong>&nbsp;\u2014uno cardiovascular y otro h\u00edbrido\u2014, un \u00e1rea de recuperaci\u00f3n con&nbsp;<strong>seis camas de terapia intensiva<\/strong>, tres de&nbsp;<strong>cuidados intermedios<\/strong>&nbsp;y una&nbsp;<strong>sala de aislamiento<\/strong>&nbsp;para enfermedades infectocontagiosas.<\/p>\n\n\n\n<p>La segunda obra, de\u00a0<strong>265 metros cuadrados<\/strong>, se concret\u00f3 en el sector donde funcionaba el buffet, destinado ahora a\u00a0<strong>consultorios de traumatolog\u00eda y neurocirug\u00eda<\/strong>, con sala de espera, enfermer\u00eda, jefatura, ba\u00f1os adaptados y una sala de reuniones multiprop\u00f3sito.<\/p>\n\n\n\n<p><strong>Fuente: www.diariomendoza.com.ar<\/strong><\/p>\n","protected":false},"excerpt":{"rendered":"<p>La\u00a0habilitaci\u00f3n del Servicio de Trasplante Renal Pedi\u00e1trico\u00a0se concret\u00f3 este viernes en el\u00a0Hospital Humberto Notti\u00a0y permitir\u00e1 brindar\u00a0atenci\u00f3n integral\u00a0a los\u00a0pacientes pedi\u00e1tricos con enfermedad renal, desde la evaluaci\u00f3n inicial hasta el seguimiento postrasplante. El acto cont\u00f3 con la presencia del\u00a0gobernador\u00a0Alfredo Cornejo,\u00a0el\u00a0ministro de Salud y Deportes\u00a0Rodolfo Montero, el\u00a0director del Incaimen Rodolfo Fern\u00e1ndez, junto a autoridades del\u00a0Incucai\u00a0y del centro asistencial. [&hellip;]<\/p>\n","protected":false},"author":2,"featured_media":14742,"comment_status":"open","ping_status":"open","sticky":false,"template":"","format":"standard","meta":[],"categories":[58],"tags":[],"_links":{"self":[{"href":"https:\/\/pasaenmendoza.com\/index.php?rest_route=\/wp\/v2\/posts\/14741"}],"collection":[{"href":"https:\/\/pasaenmendoza.com\/index.php?rest_route=\/wp\/v2\/posts"}],"about":[{"href":"https:\/\/pasaenmendoza.com\/index.php?rest_route=\/wp\/v2\/types\/post"}],"author":[{"embeddable":true,"href":"https:\/\/pasaenmendoza.com\/index.php?rest_route=\/wp\/v2\/users\/2"}],"replies":[{"embeddable":true,"href":"https:\/\/pasaenmendoza.com\/index.php?rest_route=%2Fwp%2Fv2%2Fcomments&post=14741"}],"version-history":[{"count":1,"href":"https:\/\/pasaenmendoza.com\/index.php?rest_route=\/wp\/v2\/posts\/14741\/revisions"}],"predecessor-version":[{"id":14743,"href":"https:\/\/pasaenmendoza.com\/index.php?rest_route=\/wp\/v2\/posts\/14741\/revisions\/14743"}],"wp:featuredmedia":[{"embeddable":true,"href":"https:\/\/pasaenmendoza.com\/index.php?rest_route=\/wp\/v2\/media\/14742"}],"wp:attachment":[{"href":"https:\/\/pasaenmendoza.com\/index.php?rest_route=%2Fwp%2Fv2%2Fmedia&parent=14741"}],"wp:term":[{"taxonomy":"category","embeddable":true,"href":"https:\/\/pasaenmendoza.com\/index.php?rest_route=%2Fwp%2Fv2%2Fcategories&post=14741"},{"taxonomy":"post_tag","embeddable":true,"href":"https:\/\/pasaenmendoza.com\/index.php?rest_route=%2Fwp%2Fv2%2Ftags&post=14741"}],"curies":[{"name":"wp","href":"https:\/\/api.w.org\/{rel}","templated":true}]}}