{"id":14744,"date":"2025-09-15T15:09:49","date_gmt":"2025-09-15T13:09:49","guid":{"rendered":"https:\/\/pasaenmendoza.com\/?p=14744"},"modified":"2025-09-15T15:09:50","modified_gmt":"2025-09-15T13:09:50","slug":"el-tiempo-en-mendoza-tras-el-zonda-llega-una-semana-calida-y-con-alerta-por-tormentas","status":"publish","type":"post","link":"https:\/\/pasaenmendoza.com\/?p=14744","title":{"rendered":"El tiempo en Mendoza: tras el Zonda, llega una semana c\u00e1lida y con alerta por tormentas"},"content":{"rendered":"\n<p>El tiempo en Mendoza comenzar\u00e1 a estabilizarse lentamente despu\u00e9s del Zonda que azot\u00f3 el fin de semana, aunque este lunes persistir\u00e1n las bajas temperaturas y se esperan registros bajo cero en distintas zonas de la provincia. A pesar de la mejora parcial, para los primeros d\u00edas de la semana hay alerta por tormentas.<\/p>\n\n\n\n<p>Seg\u00fan el pron\u00f3stico de la Direcci\u00f3n de Contingencias Clim\u00e1ticas, la jornada se presentar\u00e1 con poca nubosidad, un leve ascenso de la temperatura y vientos suaves del noreste.<\/p>\n\n\n\n<p>En la cordillera, las condiciones tambi\u00e9n ser\u00e1n estables, aunque el fr\u00edo ser\u00e1 protagonista en el Valle de Uco y el sur provincial. Colonia Las Rosas amaneci\u00f3 con -2,5\u00b0C, Tunuy\u00e1n con -2,2\u00b0C y Vista Flores con -2\u00b0C, mientras que en San Rafael y General Alvear las m\u00ednimas se ubicaron entre -1,5\u00b0C y 1,5\u00b0C.<\/p>\n\n\n\n<p>En el este provincial, las m\u00ednimas oscilaron entre los 2\u00b0C de Santa Rosa y Los Campamentos, los 4\u00b0C de Jun\u00edn y los 5\u00b0C de Medrano. Para el conjunto de Mendoza, la m\u00ednima provincial se ubicar\u00e1 en 8\u00b0C y la m\u00e1xima alcanzar\u00e1 los 25\u00b0C.<\/p>\n\n\n\n<p>El pron\u00f3stico extendido anticipa que el martes se mantendr\u00e1 con \u201c<em>algo de nubosidad y ascenso de la temperatura<\/em>\u201d, con vientos leves del noreste y una m\u00e1xima de 27\u00b0C.<\/p>\n\n\n\n<p><strong>El mi\u00e9rcoles, en cambio, se espera el regreso de las precipitaciones con \u201cnubosidad variable y tormentas aisladas\u201d, adem\u00e1s de vientos moderados del noreste. Ese d\u00eda, las temperaturas se ubicar\u00e1n entre los 13\u00b0C y los 28\u00b0C.<\/strong><\/p>\n\n\n\n<p><strong>Fuente: www.elsol.com.ar<\/strong><\/p>\n","protected":false},"excerpt":{"rendered":"<p>El tiempo en Mendoza comenzar\u00e1 a estabilizarse lentamente despu\u00e9s del Zonda que azot\u00f3 el fin de semana, aunque este lunes persistir\u00e1n las bajas temperaturas y se esperan registros bajo cero en distintas zonas de la provincia. A pesar de la mejora parcial, para los primeros d\u00edas de la semana hay alerta por tormentas. Seg\u00fan el [&hellip;]<\/p>\n","protected":false},"author":2,"featured_media":14745,"comment_status":"open","ping_status":"open","sticky":false,"template":"","format":"standard","meta":[],"categories":[52],"tags":[],"_links":{"self":[{"href":"https:\/\/pasaenmendoza.com\/index.php?rest_route=\/wp\/v2\/posts\/14744"}],"collection":[{"href":"https:\/\/pasaenmendoza.com\/index.php?rest_route=\/wp\/v2\/posts"}],"about":[{"href":"https:\/\/pasaenmendoza.com\/index.php?rest_route=\/wp\/v2\/types\/post"}],"author":[{"embeddable":true,"href":"https:\/\/pasaenmendoza.com\/index.php?rest_route=\/wp\/v2\/users\/2"}],"replies":[{"embeddable":true,"href":"https:\/\/pasaenmendoza.com\/index.php?rest_route=%2Fwp%2Fv2%2Fcomments&post=14744"}],"version-history":[{"count":1,"href":"https:\/\/pasaenmendoza.com\/index.php?rest_route=\/wp\/v2\/posts\/14744\/revisions"}],"predecessor-version":[{"id":14746,"href":"https:\/\/pasaenmendoza.com\/index.php?rest_route=\/wp\/v2\/posts\/14744\/revisions\/14746"}],"wp:featuredmedia":[{"embeddable":true,"href":"https:\/\/pasaenmendoza.com\/index.php?rest_route=\/wp\/v2\/media\/14745"}],"wp:attachment":[{"href":"https:\/\/pasaenmendoza.com\/index.php?rest_route=%2Fwp%2Fv2%2Fmedia&parent=14744"}],"wp:term":[{"taxonomy":"category","embeddable":true,"href":"https:\/\/pasaenmendoza.com\/index.php?rest_route=%2Fwp%2Fv2%2Fcategories&post=14744"},{"taxonomy":"post_tag","embeddable":true,"href":"https:\/\/pasaenmendoza.com\/index.php?rest_route=%2Fwp%2Fv2%2Ftags&post=14744"}],"curies":[{"name":"wp","href":"https:\/\/api.w.org\/{rel}","templated":true}]}}