{"id":14759,"date":"2025-09-16T01:04:44","date_gmt":"2025-09-15T23:04:44","guid":{"rendered":"https:\/\/pasaenmendoza.com\/?p=14759"},"modified":"2025-09-16T01:04:45","modified_gmt":"2025-09-15T23:04:45","slug":"alumna-armada-en-la-paz-casi-200-estudiantes-volvieron-a-clases-con-asistencia-psicologica","status":"publish","type":"post","link":"https:\/\/pasaenmendoza.com\/?p=14759","title":{"rendered":"Alumna armada en La Paz: casi 200 estudiantes volvieron a clases con asistencia psicol\u00f3gica"},"content":{"rendered":"\n<p>La peque\u00f1a localidad de\u00a0<strong>La Paz<\/strong>\u00a0vivi\u00f3 momentos de\u00a0<strong>conmoci\u00f3n<\/strong>\u00a0cuando una\u00a0<strong>adolescente de 14 a\u00f1os<\/strong>\u00a0ingres\u00f3 a la escuela\u00a0<strong>Marcelino Blanco<\/strong>\u00a0con un\u00a0<strong>arma de fuego<\/strong>, apunt\u00f3 a algunos\u00a0<strong>compa\u00f1eros<\/strong>, efectu\u00f3 disparos al aire y se encerr\u00f3 en un aula. Tras casi cinco horas de\u00a0<strong>negociaci\u00f3n<\/strong>, la joven entreg\u00f3 el\u00a0<strong>arma<\/strong>, y la escuela pudo normalizarse.<\/p>\n\n\n\n<p>El regreso a clases, este lunes 15 de septiembre, cont\u00f3 con la asistencia de\u00a0<strong>161 alumnos<\/strong>\u00a0del turno ma\u00f1ana, acompa\u00f1ados por m\u00e1s de 60\u00a0<strong>padres<\/strong>\u00a0y\u00a0<strong>docentes<\/strong>. Junto a ellos trabajaron integrantes de la\u00a0<strong>Direcci\u00f3n de Apoyo Escolar (DAE)<\/strong>, la\u00a0<strong>Direcci\u00f3n de Salud Mental<\/strong>\u00a0y los\u00a0<strong>Equipos T\u00e9cnicos Interdisciplinarios<\/strong>, quienes desarrollaron actividades de\u00a0<strong>reflexi\u00f3n<\/strong>\u00a0y contenci\u00f3n emocional.<\/p>\n\n\n\n<p>Durante la jornada, los\u00a0<strong>psic\u00f3logos<\/strong>\u00a0realizaron entrevistas privadas con los estudiantes que vivenciaron el hecho, mientras que la adolescente protagonista permanece bajo\u00a0<strong>acompa\u00f1amiento profesional<\/strong>\u00a0y no regresar\u00e1 a clases a corto plazo. La\u00a0<strong>docente<\/strong>\u00a0por quien la joven mostr\u00f3 preocupaci\u00f3n sigue\u00a0<strong>hospitalizada<\/strong>, aunque estable, y otra\u00a0<strong>alumna<\/strong>\u00a0que estuvo internada fue dada de alta, aunque no asisti\u00f3 a clases.<\/p>\n\n\n\n<p>La directora de&nbsp;<strong>Educaci\u00f3n Secundaria<\/strong>,&nbsp;<strong>Cecilia P\u00e1ez<\/strong>, destac\u00f3 la participaci\u00f3n activa de&nbsp;<strong>padres, alumnos y docentes<\/strong>, quienes plantearon dudas sobre c\u00f3mo actuar ante situaciones de&nbsp;<strong>bullying<\/strong>,&nbsp;<strong>ciberbullying<\/strong>&nbsp;y c\u00f3mo fortalecer la&nbsp;<strong>educaci\u00f3n en salud mental<\/strong>&nbsp;desde la&nbsp;<strong>familia<\/strong>&nbsp;y la&nbsp;<strong>escuela<\/strong>.<\/p>\n\n\n\n<p>Para garantizar un acompa\u00f1amiento progresivo, la\u00a0<strong>DAE<\/strong>\u00a0implementar\u00e1 herramientas de expresi\u00f3n escrita para los estudiantes con dificultades para comunicar sus emociones verbalmente, y activar\u00e1 el programa de\u00a0<strong>Padrinazgo Emocional<\/strong>, en el que alumnos mayores funcionar\u00e1n como mentores de los m\u00e1s chicos.<\/p>\n\n\n\n<p>El cronograma de actividades se extender\u00e1 durante toda la semana, combinando la reanudaci\u00f3n de la\u00a0<strong>rutina educativa<\/strong>\u00a0con din\u00e1micas que fomenten un\u00a0<strong>clima escolar saludable<\/strong>\u00a0y seguro. Las autoridades buscan que los estudiantes recuperen un entorno positivo y puedan participar de la\u00a0<strong>Semana del Estudiante<\/strong>\u00a0con tranquilidad.<\/p>\n\n\n\n<p><strong>Fuente: www.diariomendoza.com.ar<\/strong><\/p>\n","protected":false},"excerpt":{"rendered":"<p>La peque\u00f1a localidad de\u00a0La Paz\u00a0vivi\u00f3 momentos de\u00a0conmoci\u00f3n\u00a0cuando una\u00a0adolescente de 14 a\u00f1os\u00a0ingres\u00f3 a la escuela\u00a0Marcelino Blanco\u00a0con un\u00a0arma de fuego, apunt\u00f3 a algunos\u00a0compa\u00f1eros, efectu\u00f3 disparos al aire y se encerr\u00f3 en un aula. Tras casi cinco horas de\u00a0negociaci\u00f3n, la joven entreg\u00f3 el\u00a0arma, y la escuela pudo normalizarse. El regreso a clases, este lunes 15 de septiembre, cont\u00f3 [&hellip;]<\/p>\n","protected":false},"author":2,"featured_media":14760,"comment_status":"open","ping_status":"open","sticky":false,"template":"","format":"standard","meta":[],"categories":[56],"tags":[],"_links":{"self":[{"href":"https:\/\/pasaenmendoza.com\/index.php?rest_route=\/wp\/v2\/posts\/14759"}],"collection":[{"href":"https:\/\/pasaenmendoza.com\/index.php?rest_route=\/wp\/v2\/posts"}],"about":[{"href":"https:\/\/pasaenmendoza.com\/index.php?rest_route=\/wp\/v2\/types\/post"}],"author":[{"embeddable":true,"href":"https:\/\/pasaenmendoza.com\/index.php?rest_route=\/wp\/v2\/users\/2"}],"replies":[{"embeddable":true,"href":"https:\/\/pasaenmendoza.com\/index.php?rest_route=%2Fwp%2Fv2%2Fcomments&post=14759"}],"version-history":[{"count":1,"href":"https:\/\/pasaenmendoza.com\/index.php?rest_route=\/wp\/v2\/posts\/14759\/revisions"}],"predecessor-version":[{"id":14761,"href":"https:\/\/pasaenmendoza.com\/index.php?rest_route=\/wp\/v2\/posts\/14759\/revisions\/14761"}],"wp:featuredmedia":[{"embeddable":true,"href":"https:\/\/pasaenmendoza.com\/index.php?rest_route=\/wp\/v2\/media\/14760"}],"wp:attachment":[{"href":"https:\/\/pasaenmendoza.com\/index.php?rest_route=%2Fwp%2Fv2%2Fmedia&parent=14759"}],"wp:term":[{"taxonomy":"category","embeddable":true,"href":"https:\/\/pasaenmendoza.com\/index.php?rest_route=%2Fwp%2Fv2%2Fcategories&post=14759"},{"taxonomy":"post_tag","embeddable":true,"href":"https:\/\/pasaenmendoza.com\/index.php?rest_route=%2Fwp%2Fv2%2Ftags&post=14759"}],"curies":[{"name":"wp","href":"https:\/\/api.w.org\/{rel}","templated":true}]}}