{"id":14762,"date":"2025-09-16T01:09:10","date_gmt":"2025-09-15T23:09:10","guid":{"rendered":"https:\/\/pasaenmendoza.com\/?p=14762"},"modified":"2025-09-16T01:09:11","modified_gmt":"2025-09-15T23:09:11","slug":"pensiones-suspendidas-el-fallo-que-complica-a-la-andis-y-sienta-un-precedente","status":"publish","type":"post","link":"https:\/\/pasaenmendoza.com\/?p=14762","title":{"rendered":"Pensiones suspendidas: el fallo que complica a la ANDIS y sienta un precedente"},"content":{"rendered":"\n<p>El juez Eduardo Puigd\u00e9ngolas, de San Rafael, orden\u00f3 a la Agencia Nacional de Discapacidad (<strong>ANDIS<\/strong>) y a la Administraci\u00f3n Nacional de la Seguridad Social (ANSES) que restituyan \u201cde inmediato\u201d una de las\u00a0<strong>pensiones suspendidas<\/strong>\u00a0en Mendoza. Se trata de un caso testigo clave que sienta un precedente para lo que viene.<\/p>\n\n\n\n<p>El demandante es un hombre con 80% de incapacidad laboral. Contaba con una\u00a0<strong>pensi\u00f3n no contributiva por invalidez laboral<\/strong>\u00a0desde el 2020, pero a fines de junio de este a\u00f1o recibi\u00f3 una inesperada noticia cuando la\u00a0<strong>ANDIS<\/strong>\u00a0le notific\u00f3, en su domicilio, la\u00a0<strong>suspensi\u00f3n de la pensi\u00f3n.<\/strong><\/p>\n\n\n\n<p>La sorpresa fue tal porque, antes de ello, no recibi\u00f3 la citaci\u00f3n para someterse al proceso de\u00a0<strong>auditor\u00edas<\/strong>\u00a0que la Naci\u00f3n inici\u00f3 este a\u00f1o en Mendoza. De haberla recibido, en el mismo domicilio en el que fue notificado de la suspensi\u00f3n, hubiese podido presentarse al turno con la documentaci\u00f3n que avala su beneficio.<\/p>\n\n\n\n<p>Al no cobrar los $220.000 de su&nbsp;<strong>pensi\u00f3n no contributiva<\/strong>&nbsp;al mes siguiente, el hombre pidi\u00f3 una medida cautelar, que le fue otorgada con efecto devolutivo la semana pasada.<\/p>\n\n\n\n<h2 class=\"wp-block-heading\">La Justicia de Mendoza obliga a la ANDIS a pagar pensiones suspendidas<\/h2>\n\n\n\n<p>En el fallo, el juez mendocino orden\u00f3 a la&nbsp;<strong>ANSES<\/strong>&nbsp;\u201cel restablecimiento inmediato del pago de la&nbsp;<strong>Pensi\u00f3n No Contributiva por Invalidez<\/strong>&nbsp;(\u2026) en el plazo de cinco d\u00edas\u201d.<\/p>\n\n\n\n<p>M\u00e1s tarde, y por haber omitido involuntariamente a la&nbsp;<strong>ANDIS<\/strong>&nbsp;en el resolutivo, sum\u00f3 a la agencia \u2013protagonista de un esc\u00e1ndalo por coimas- entre las obligadas al cumplimiento.<\/p>\n\n\n\n<p>La ANSES apel\u00f3 la resoluci\u00f3n del juez por fallas en la notificaci\u00f3n de la misma y por no ser organismo que otorga las pensiones, sino solo el que las paga.<\/p>\n\n\n\n<p>\u201cEl otorgamiento o baja o suspensi\u00f3n del beneficio asistencial es de exclusiva competencia de la&nbsp;<strong>Agencia Nacional de Discapacidad<\/strong>, como organismo descentralizado en la \u00f3rbita del Ministerio de Salud de la Naci\u00f3n\u201d, se excus\u00f3 la ANSES.<\/p>\n\n\n\n<p>La&nbsp;<strong>ANDIS<\/strong>, en tanto, a trav\u00e9s del abogado Federico Cinta, present\u00f3 un recurso de reposici\u00f3n, que fue rechazado; y una&nbsp;<strong>apelaci\u00f3n<\/strong>&nbsp;subsidiaria, que fue concedida, pero con efecto devolutivo, por lo que&nbsp;<strong>deber\u00e1 cumplir con la restituci\u00f3n inmediata<\/strong>&nbsp;de la&nbsp;<strong>pensi\u00f3n suspendida<\/strong>, m\u00e1s all\u00e1 de la etapa que luego se sustancie en la C\u00e1mara Federal de Mendoza.<\/p>\n\n\n\n<h2 class=\"wp-block-heading\">De qu\u00e9 se trata la medida cautelar que dict\u00f3 la Justicia en el caso de pensiones suspendidas<\/h2>\n\n\n\n<p>Se trata de una&nbsp;<strong>medida cautelar aut\u00f3noma<\/strong>, de car\u00e1cter instrumental y provisorio, supeditada a la promoci\u00f3n de la acci\u00f3n principal. Seg\u00fan entiende la Justicia, es el cauce procesal m\u00e1s adecuado para la tutela urgente del derecho invocado en este caso.<\/p>\n\n\n\n<p>En este tipo de incidentes, la parte demandada puede ejercer su\u00a0<strong>derecho<\/strong>\u00a0de defensa, pero el fondo de la cuesti\u00f3n se analiza de manera exhaustiva en otro proceso.<\/p>\n\n\n\n<p>As\u00ed, la decisi\u00f3n que adopt\u00f3 el juez en este caso de&nbsp;<strong>pensiones suspendidas<\/strong>&nbsp;es precautoria y tiende a evitar que el transcurso del tiempo frustre irremediablemente el derecho cuya tutela se persigue; pero no se trata de una decisi\u00f3n definitiva.<\/p>\n\n\n\n<p>\u201cEn el caso de autos, la&nbsp;<strong>suspensi\u00f3n de la pensi\u00f3n por invalidez<\/strong>&nbsp;del actor, sin acto administrativo debidamente notificado ni procedimiento previo que le permitiera ejercer su defensa, constituye una v\u00eda de hecho administrativa que genera un perjuicio de naturaleza alimentaria\u201d; y de ah\u00ed la decisi\u00f3n de dar una soluci\u00f3n provisoria de manera inmediata.<\/p>\n\n\n\n<p>\u201cCuando se encuentran en juego el&nbsp;<strong>derecho a la vida y a la salud<\/strong>, surge la necesidad de su protecci\u00f3n por medio de una tutela judicial efectiva\u201d, dijo el juez.<\/p>\n\n\n\n<p>\u201cEn el presente caso, el peligro en la demora es manifiesto. El actor carec\u00eda de ingresos distintos a la&nbsp;<strong>pensi\u00f3n suspendida<\/strong>, la cual constituir\u00eda su \u00fanico sustento econ\u00f3mico. Adem\u00e1s, su estado de&nbsp;<strong>discapacidad<\/strong>&nbsp;le impedir\u00eda generar medios de subsistencia por otra v\u00eda. La suspensi\u00f3n del pago compromete no solo su subsistencia b\u00e1sica, sino tambi\u00e9n su acceso a prestaciones m\u00e9dicas y asistenciales, generando un riesgo cierto e inminente de&nbsp;<strong>da\u00f1o irreparable<\/strong>\u201d, explic\u00f3 el magistrado.<\/p>\n\n\n\n<h2 class=\"wp-block-heading\">El caso de pensiones suspendidas sin auditor\u00eda que lleg\u00f3 a la Justicia en Mendoza<\/h2>\n\n\n\n<p>La\u00a0<strong>ANDIS suspendi\u00f3 la\u00a0pensi\u00f3n no contributiva de invalidez laboral<\/strong>\u00a0a Daniel, un hombre con 80% de incapacidad laboral reconocida.<\/p>\n\n\n\n<p>En la carta documento mediante la cual notific\u00f3 la decisi\u00f3n, el exdirector de la agencia nacional Diego Spagnuolo bas\u00f3 la\u00a0<strong>suspensi\u00f3n<\/strong>\u00a0en que el beneficiario no se hab\u00eda sometido a la\u00a0<strong>auditor\u00eda<\/strong>\u00a0correspondiente, porque la\u00a0<strong>ANDIS<\/strong>\u00a0no le hab\u00eda podido entregar la citaci\u00f3n por \u201ccausas imputables a la persona beneficiaria\u201d o por \u201cinconsistencias en los datos domiciliarios\u201d.<\/p>\n\n\n\n<p>El hombre afirm\u00f3 que efectivamente no recibi\u00f3 una citaci\u00f3n para&nbsp;<strong>auditor\u00eda<\/strong>&nbsp;en su domicilio; pero que la direcci\u00f3n en la que vive es la que figura en su DNI, en la&nbsp;<strong>ANSES<\/strong>, en el certificado m\u00e9dico. E, incluso, es la misma en la que s\u00ed recibi\u00f3 la carta documento que le notificaba la suspensi\u00f3n, lo que \u2014seg\u00fan su abogado\u2014 prueba que su domicilio es v\u00e1lido y operativo.<\/p>\n\n\n\n<p>La suspensi\u00f3n de la&nbsp;<strong>pensi\u00f3n no contributiva<\/strong>&nbsp;lo dej\u00f3 sin su principal fuente de ingresos, dado que no puede trabajar y depende de ella para su subsistencia.<\/p>\n\n\n\n<p>Planteada esta situaci\u00f3n, Daniel recurri\u00f3 a la Justicia Federal de San Rafael, contra ANDIS y ANSES, para que le restituyan la\u00a0<strong>pensi\u00f3n suspendida<\/strong>\u00a0lo antes posible.<\/p>\n\n\n\n<p><strong>Fuente: www.diariouno.com.ar<\/strong><\/p>\n","protected":false},"excerpt":{"rendered":"<p>El juez Eduardo Puigd\u00e9ngolas, de San Rafael, orden\u00f3 a la Agencia Nacional de Discapacidad (ANDIS) y a la Administraci\u00f3n Nacional de la Seguridad Social (ANSES) que restituyan \u201cde inmediato\u201d una de las\u00a0pensiones suspendidas\u00a0en Mendoza. Se trata de un caso testigo clave que sienta un precedente para lo que viene. El demandante es un hombre con [&hellip;]<\/p>\n","protected":false},"author":2,"featured_media":14763,"comment_status":"open","ping_status":"open","sticky":false,"template":"","format":"standard","meta":[],"categories":[60],"tags":[],"_links":{"self":[{"href":"https:\/\/pasaenmendoza.com\/index.php?rest_route=\/wp\/v2\/posts\/14762"}],"collection":[{"href":"https:\/\/pasaenmendoza.com\/index.php?rest_route=\/wp\/v2\/posts"}],"about":[{"href":"https:\/\/pasaenmendoza.com\/index.php?rest_route=\/wp\/v2\/types\/post"}],"author":[{"embeddable":true,"href":"https:\/\/pasaenmendoza.com\/index.php?rest_route=\/wp\/v2\/users\/2"}],"replies":[{"embeddable":true,"href":"https:\/\/pasaenmendoza.com\/index.php?rest_route=%2Fwp%2Fv2%2Fcomments&post=14762"}],"version-history":[{"count":1,"href":"https:\/\/pasaenmendoza.com\/index.php?rest_route=\/wp\/v2\/posts\/14762\/revisions"}],"predecessor-version":[{"id":14764,"href":"https:\/\/pasaenmendoza.com\/index.php?rest_route=\/wp\/v2\/posts\/14762\/revisions\/14764"}],"wp:featuredmedia":[{"embeddable":true,"href":"https:\/\/pasaenmendoza.com\/index.php?rest_route=\/wp\/v2\/media\/14763"}],"wp:attachment":[{"href":"https:\/\/pasaenmendoza.com\/index.php?rest_route=%2Fwp%2Fv2%2Fmedia&parent=14762"}],"wp:term":[{"taxonomy":"category","embeddable":true,"href":"https:\/\/pasaenmendoza.com\/index.php?rest_route=%2Fwp%2Fv2%2Fcategories&post=14762"},{"taxonomy":"post_tag","embeddable":true,"href":"https:\/\/pasaenmendoza.com\/index.php?rest_route=%2Fwp%2Fv2%2Ftags&post=14762"}],"curies":[{"name":"wp","href":"https:\/\/api.w.org\/{rel}","templated":true}]}}