{"id":14768,"date":"2025-09-16T15:53:23","date_gmt":"2025-09-16T13:53:23","guid":{"rendered":"https:\/\/pasaenmendoza.com\/?p=14768"},"modified":"2025-09-16T15:53:24","modified_gmt":"2025-09-16T13:53:24","slug":"el-tiempo-en-mendoza-temperatura-en-ascenso-y-cielo-despejado","status":"publish","type":"post","link":"https:\/\/pasaenmendoza.com\/?p=14768","title":{"rendered":"El tiempo en Mendoza: temperatura en ascenso y cielo despejado"},"content":{"rendered":"\n<p>Despu\u00e9s de un lunes marcado por el calor, el pron\u00f3stico extendido de la Direcci\u00f3n de Contingencias Clim\u00e1ticas anticipa que las temperaturas seguir\u00e1n en ascenso en Mendoza durante los pr\u00f3ximos d\u00edas, con m\u00e1ximas que rozar\u00e1n los 30\u00b0C y condiciones de nubosidad variable.<\/p>\n\n\n\n<p>Este martes 16 de septiembre se espera \u201ctiempo bueno\u201d, con cielo poco nuboso en la cordillera y una temperatura m\u00e1xima estimada en 27\u00b0C. La circulaci\u00f3n del viento ser\u00e1 de norte a sur entre la 1 y las 21 horas en las zonas Norte, Este, Gran Mendoza, Valle de Uco y Sur. En La Paz, el viento podr\u00eda extenderse hasta la madrugada del mi\u00e9rcoles, con intensidad de leve a moderada.<\/p>\n\n\n\n<p>En cuanto a la nubosidad, se prev\u00e9 cielo seminublado en el Sur hasta las 13, extendi\u00e9ndose luego al resto de la provincia. En alta monta\u00f1a, el cielo estar\u00e1 seminublado en el sector Sur y se trasladar\u00e1 hacia la zona Centro despu\u00e9s de las 14.<\/p>\n\n\n\n<p><strong>Pron\u00f3stico para los pr\u00f3ximos d\u00edas<\/strong><\/p>\n\n\n\n<ul>\n<li><strong>Mi\u00e9rcoles 17<\/strong>: Nubosidad variable, sin grandes cambios en la temperatura. El cielo estar\u00e1 parcialmente nublado en cordillera. M\u00ednima de 13\u00b0C y m\u00e1xima de 28\u00b0C.<\/li>\n\n\n\n<li><strong>Jueves 18<\/strong>: Jornada c\u00e1lida, con m\u00ednima de 14\u00b0C y m\u00e1xima de 29\u00b0C. Sin embargo, hacia la noche se espera un desmejoramiento de las condiciones clim\u00e1ticas.<\/li>\n\n\n\n<li><strong>Viernes 19<\/strong>: Se anticipa un leve descenso t\u00e9rmico, con cielo m\u00e1s cubierto y ambiente fresco.<\/li>\n<\/ul>\n\n\n\n<p><strong>Fuente: www.elsol.com.ar<\/strong><\/p>\n","protected":false},"excerpt":{"rendered":"<p>Despu\u00e9s de un lunes marcado por el calor, el pron\u00f3stico extendido de la Direcci\u00f3n de Contingencias Clim\u00e1ticas anticipa que las temperaturas seguir\u00e1n en ascenso en Mendoza durante los pr\u00f3ximos d\u00edas, con m\u00e1ximas que rozar\u00e1n los 30\u00b0C y condiciones de nubosidad variable. Este martes 16 de septiembre se espera \u201ctiempo bueno\u201d, con cielo poco nuboso en [&hellip;]<\/p>\n","protected":false},"author":2,"featured_media":14769,"comment_status":"open","ping_status":"open","sticky":false,"template":"","format":"standard","meta":[],"categories":[52],"tags":[],"_links":{"self":[{"href":"https:\/\/pasaenmendoza.com\/index.php?rest_route=\/wp\/v2\/posts\/14768"}],"collection":[{"href":"https:\/\/pasaenmendoza.com\/index.php?rest_route=\/wp\/v2\/posts"}],"about":[{"href":"https:\/\/pasaenmendoza.com\/index.php?rest_route=\/wp\/v2\/types\/post"}],"author":[{"embeddable":true,"href":"https:\/\/pasaenmendoza.com\/index.php?rest_route=\/wp\/v2\/users\/2"}],"replies":[{"embeddable":true,"href":"https:\/\/pasaenmendoza.com\/index.php?rest_route=%2Fwp%2Fv2%2Fcomments&post=14768"}],"version-history":[{"count":1,"href":"https:\/\/pasaenmendoza.com\/index.php?rest_route=\/wp\/v2\/posts\/14768\/revisions"}],"predecessor-version":[{"id":14770,"href":"https:\/\/pasaenmendoza.com\/index.php?rest_route=\/wp\/v2\/posts\/14768\/revisions\/14770"}],"wp:featuredmedia":[{"embeddable":true,"href":"https:\/\/pasaenmendoza.com\/index.php?rest_route=\/wp\/v2\/media\/14769"}],"wp:attachment":[{"href":"https:\/\/pasaenmendoza.com\/index.php?rest_route=%2Fwp%2Fv2%2Fmedia&parent=14768"}],"wp:term":[{"taxonomy":"category","embeddable":true,"href":"https:\/\/pasaenmendoza.com\/index.php?rest_route=%2Fwp%2Fv2%2Fcategories&post=14768"},{"taxonomy":"post_tag","embeddable":true,"href":"https:\/\/pasaenmendoza.com\/index.php?rest_route=%2Fwp%2Fv2%2Ftags&post=14768"}],"curies":[{"name":"wp","href":"https:\/\/api.w.org\/{rel}","templated":true}]}}