{"id":14771,"date":"2025-09-16T15:59:35","date_gmt":"2025-09-16T13:59:35","guid":{"rendered":"https:\/\/pasaenmendoza.com\/?p=14771"},"modified":"2025-09-16T15:59:37","modified_gmt":"2025-09-16T13:59:37","slug":"un-auto-choco-contra-cartel-de-estacionamiento-en-pleno-centro","status":"publish","type":"post","link":"https:\/\/pasaenmendoza.com\/?p=14771","title":{"rendered":"Un auto choc\u00f3 contra cartel de estacionamiento en pleno centro"},"content":{"rendered":"\n<p>Un\u00a0<strong>accidente de tr\u00e1nsito<\/strong>\u00a0ocurri\u00f3 en la\u00a0<strong>ma\u00f1ana de este martes<\/strong>\u00a0en la intersecci\u00f3n de las calles\u00a0<strong>Catamarca y San Juan<\/strong>, una zona de alto tr\u00e1fico en el centro de\u00a0<strong>Mendoza<\/strong>.\u00a0<\/p>\n\n\n\n<p>Un autom\u00f3vil\u00a0<strong>Renault Kwid<\/strong>, conducido por un hombre, perdi\u00f3 el control y\u00a0<strong>se estrell\u00f3 contra un cartel de estacionamiento exclusivo para motos.\u00a0<\/strong><\/p>\n\n\n\n<p>El hecho ocurri\u00f3 en hora pico, cuando la circulaci\u00f3n de veh\u00edculos y peatones es m\u00e1s intensa en la zona. A\u00fan se desconocen las causas del accidente, pero se investiga si hubo fallas mec\u00e1nicas, una distracci\u00f3n del conductor u otros factores.<\/p>\n\n\n\n<p>El impacto provoc\u00f3 da\u00f1os en el veh\u00edculo y derrib\u00f3 el cartel de se\u00f1alizaci\u00f3n. A pesar de la magnitud del choque, no se reportaron heridos de gravedad.&nbsp;<\/p>\n\n\n\n<p>Las autoridades policiales se hicieron presentes en el lugar para realizar las pericias correspondientes y controlar el tr\u00e1fico, que se vio parcialmente interrumpido.<\/p>\n\n\n\n<p><strong>Fuente: www.mendozapost.com<\/strong><\/p>\n","protected":false},"excerpt":{"rendered":"<p>Un\u00a0accidente de tr\u00e1nsito\u00a0ocurri\u00f3 en la\u00a0ma\u00f1ana de este martes\u00a0en la intersecci\u00f3n de las calles\u00a0Catamarca y San Juan, una zona de alto tr\u00e1fico en el centro de\u00a0Mendoza.\u00a0 Un autom\u00f3vil\u00a0Renault Kwid, conducido por un hombre, perdi\u00f3 el control y\u00a0se estrell\u00f3 contra un cartel de estacionamiento exclusivo para motos.\u00a0 El hecho ocurri\u00f3 en hora pico, cuando la circulaci\u00f3n de [&hellip;]<\/p>\n","protected":false},"author":2,"featured_media":14772,"comment_status":"open","ping_status":"open","sticky":false,"template":"","format":"standard","meta":[],"categories":[48],"tags":[],"_links":{"self":[{"href":"https:\/\/pasaenmendoza.com\/index.php?rest_route=\/wp\/v2\/posts\/14771"}],"collection":[{"href":"https:\/\/pasaenmendoza.com\/index.php?rest_route=\/wp\/v2\/posts"}],"about":[{"href":"https:\/\/pasaenmendoza.com\/index.php?rest_route=\/wp\/v2\/types\/post"}],"author":[{"embeddable":true,"href":"https:\/\/pasaenmendoza.com\/index.php?rest_route=\/wp\/v2\/users\/2"}],"replies":[{"embeddable":true,"href":"https:\/\/pasaenmendoza.com\/index.php?rest_route=%2Fwp%2Fv2%2Fcomments&post=14771"}],"version-history":[{"count":1,"href":"https:\/\/pasaenmendoza.com\/index.php?rest_route=\/wp\/v2\/posts\/14771\/revisions"}],"predecessor-version":[{"id":14773,"href":"https:\/\/pasaenmendoza.com\/index.php?rest_route=\/wp\/v2\/posts\/14771\/revisions\/14773"}],"wp:featuredmedia":[{"embeddable":true,"href":"https:\/\/pasaenmendoza.com\/index.php?rest_route=\/wp\/v2\/media\/14772"}],"wp:attachment":[{"href":"https:\/\/pasaenmendoza.com\/index.php?rest_route=%2Fwp%2Fv2%2Fmedia&parent=14771"}],"wp:term":[{"taxonomy":"category","embeddable":true,"href":"https:\/\/pasaenmendoza.com\/index.php?rest_route=%2Fwp%2Fv2%2Fcategories&post=14771"},{"taxonomy":"post_tag","embeddable":true,"href":"https:\/\/pasaenmendoza.com\/index.php?rest_route=%2Fwp%2Fv2%2Ftags&post=14771"}],"curies":[{"name":"wp","href":"https:\/\/api.w.org\/{rel}","templated":true}]}}