{"id":14774,"date":"2025-09-16T16:07:25","date_gmt":"2025-09-16T14:07:25","guid":{"rendered":"https:\/\/pasaenmendoza.com\/?p=14774"},"modified":"2025-09-16T16:07:26","modified_gmt":"2025-09-16T14:07:26","slug":"denuncia-de-abuso-y-pujas-de-poder-entre-presas-trans-de-almafuerte","status":"publish","type":"post","link":"https:\/\/pasaenmendoza.com\/?p=14774","title":{"rendered":"Denuncia de abuso y pujas de poder entre presas trans de Almafuerte"},"content":{"rendered":"\n<p>Una<strong>\u00a0mujer trans<\/strong>\u00a0que cumple condena en el\u00a0<strong>penal de\u00a0Almafuerte<\/strong>\u00a0est\u00e1 siendo investigada por presuntos<strong>\u00a0abusos sexuales<\/strong>\u00a0hacia otra interna. Fuentes allegadas aseguran que detr\u00e1s del hecho hay una trama m\u00e1s compleja del uso de la identidad sexual de algunas reclusas para ejercer poder en los pabellones.<\/p>\n\n\n\n<p>El caso que pone en foco la situaci\u00f3n tiene como acusada a<strong>&nbsp;Pamela Yanet Gallos<\/strong>, de 44 a\u00f1os, con reiterados ingresos al sistema penitenciario por robos, extorsi\u00f3n y prostituci\u00f3n. Ahora, sum\u00f3 una grave acusaci\u00f3n a su expediente por&nbsp;<strong>abuso sexual con acceso carnal<\/strong>&nbsp;hacia&nbsp;<strong>otra detenida<\/strong>&nbsp;que cay\u00f3 presa luego de incendiar una casa en Real del Padre, San Rafael.<\/p>\n\n\n\n<p>Fuentes del caso aseguran que el cambio de identidad de g\u00e9nero es parte de una maniobra armada por personas que habr\u00edan expresado un cambio en su autopercepci\u00f3n para obtener beneficios dentro de los pabellones de Diversidad Sexual.\u00a0<\/p>\n\n\n\n<p>Entre estas personas est\u00e1 la detenida trans que denunci\u00f3 a Pamela Gallos por violaci\u00f3n. Esta persona ingres\u00f3 al penal con nombre femenino y testigos aseguran que manten\u00eda una relaci\u00f3n afectiva con la presunta abusadora. Sin embargo, junto con otras presas, la denunciante habr\u00eda pactado una maniobra para perjudicar a Gallos y sacarla de ese pabell\u00f3n para quedarse con el control del lugar, seg\u00fan las mismas fuentes.<\/p>\n\n\n\n<p>Seg\u00fan el relato, la acusaci\u00f3n surge como parte de una suerte de conspiraci\u00f3n entre varias internas &#8220;pesadas&#8221;, entre ellas estar\u00eda la proxeneta Paloma Le\u00f3n, conocida en el ambiente carcelario por su extenso historial delictivo y condenada en 2022 por explotaci\u00f3n sexual, amenazas y agresiones.\u00a0<\/p>\n\n\n\n<p>En cu\u00e1nto a la denuncia contra Pamela Yanet Gallos, esta surge porque la presunta v\u00edctima pidi\u00f3 un&nbsp;<em>habeas corpus&nbsp;&nbsp;<\/em>ya que afirmaba haber sido v\u00edctima de reiterados ataques y extorsiones.&nbsp;<\/p>\n\n\n\n<p>Por tal motivo, el fiscal Gonzalo Marzal imput\u00f3 a Gallos por abuso sexual con acceso carnal agravado por la convivencia, un delito que estipula una condena entre 8 y 20 a\u00f1os de c\u00e1rcel. En una audiencia pactada para el d\u00eda jueves se resolver\u00e1 como contin\u00faa la situaci\u00f3n procesal de la acusada.<\/p>\n\n\n\n<p><strong>Fuente: www.mendozapost.com<\/strong><\/p>\n","protected":false},"excerpt":{"rendered":"<p>Una\u00a0mujer trans\u00a0que cumple condena en el\u00a0penal de\u00a0Almafuerte\u00a0est\u00e1 siendo investigada por presuntos\u00a0abusos sexuales\u00a0hacia otra interna. Fuentes allegadas aseguran que detr\u00e1s del hecho hay una trama m\u00e1s compleja del uso de la identidad sexual de algunas reclusas para ejercer poder en los pabellones. El caso que pone en foco la situaci\u00f3n tiene como acusada a&nbsp;Pamela Yanet Gallos, [&hellip;]<\/p>\n","protected":false},"author":2,"featured_media":14775,"comment_status":"open","ping_status":"open","sticky":false,"template":"","format":"standard","meta":[],"categories":[48],"tags":[],"_links":{"self":[{"href":"https:\/\/pasaenmendoza.com\/index.php?rest_route=\/wp\/v2\/posts\/14774"}],"collection":[{"href":"https:\/\/pasaenmendoza.com\/index.php?rest_route=\/wp\/v2\/posts"}],"about":[{"href":"https:\/\/pasaenmendoza.com\/index.php?rest_route=\/wp\/v2\/types\/post"}],"author":[{"embeddable":true,"href":"https:\/\/pasaenmendoza.com\/index.php?rest_route=\/wp\/v2\/users\/2"}],"replies":[{"embeddable":true,"href":"https:\/\/pasaenmendoza.com\/index.php?rest_route=%2Fwp%2Fv2%2Fcomments&post=14774"}],"version-history":[{"count":1,"href":"https:\/\/pasaenmendoza.com\/index.php?rest_route=\/wp\/v2\/posts\/14774\/revisions"}],"predecessor-version":[{"id":14776,"href":"https:\/\/pasaenmendoza.com\/index.php?rest_route=\/wp\/v2\/posts\/14774\/revisions\/14776"}],"wp:featuredmedia":[{"embeddable":true,"href":"https:\/\/pasaenmendoza.com\/index.php?rest_route=\/wp\/v2\/media\/14775"}],"wp:attachment":[{"href":"https:\/\/pasaenmendoza.com\/index.php?rest_route=%2Fwp%2Fv2%2Fmedia&parent=14774"}],"wp:term":[{"taxonomy":"category","embeddable":true,"href":"https:\/\/pasaenmendoza.com\/index.php?rest_route=%2Fwp%2Fv2%2Fcategories&post=14774"},{"taxonomy":"post_tag","embeddable":true,"href":"https:\/\/pasaenmendoza.com\/index.php?rest_route=%2Fwp%2Fv2%2Ftags&post=14774"}],"curies":[{"name":"wp","href":"https:\/\/api.w.org\/{rel}","templated":true}]}}