{"id":14777,"date":"2025-09-16T16:40:20","date_gmt":"2025-09-16T14:40:20","guid":{"rendered":"https:\/\/pasaenmendoza.com\/?p=14777"},"modified":"2025-09-16T16:40:21","modified_gmt":"2025-09-16T14:40:21","slug":"inauguraron-la-esperada-nueva-conexion-entre-guaymallen-y-las-heras","status":"publish","type":"post","link":"https:\/\/pasaenmendoza.com\/?p=14777","title":{"rendered":"Inauguraron la esperada nueva conexi\u00f3n entre Guaymall\u00e9n y Las Heras"},"content":{"rendered":"\n<p>La inauguraci\u00f3n de la\u00a0<strong>nueva conexi\u00f3n vial\u00a0<\/strong>entre\u00a0<strong>Guaymall\u00e9n<\/strong>\u00a0y\u00a0<strong>Las Heras<\/strong>\u00a0representa un avance crucial para la movilidad en el Gran Mendoza. Este proyecto, que\u00a0<strong>evita la necesidad de utilizar la Costanera<\/strong>, fue presentado oficialmente por el\u00a0<strong>Gobernador\u00a0Alfredo Cornejo<\/strong>, junto a autoridades locales como los intendentes\u00a0<strong>Marcos Calvente<\/strong>\u00a0y\u00a0<strong>Francisco Lo Presti<\/strong>.<\/p>\n\n\n\n<p>La obra se centra en la ampliaci\u00f3n de la<strong>&nbsp;calle Mitre<\/strong>, que ahora<strong>&nbsp;conecta directamente el Acceso Sur con el Acceso Nort<\/strong>e, facilitando el tr\u00e1nsito entre dos de los departamentos.<\/p>\n\n\n\n<p>Esta mejora no solo agiliza la circulaci\u00f3n, sino que tambi\u00e9n aborda los problemas de conectividad que han persistido durante a\u00f1os, beneficiando a residentes y comerciantes locales.<\/p>\n\n\n\n<p>El Gobernador Cornejo destac\u00f3 la importancia de esta infraestructura, afirmando que &#8220;marca un antes y un despu\u00e9s&#8221; en la movilidad del \u00e1rea metropolitana. La inversi\u00f3n total en el proyecto supera los $4.000 millones, con financiamiento compartido entre el Gobierno provincial y las municipalidades implicadas.&nbsp;<\/p>\n\n\n\n<p>Los trabajos realizados incluyen la construcci\u00f3n de un puente sobre el canal Cacique Guaymall\u00e9n, as\u00ed como la renovaci\u00f3n de calzadas y la implementaci\u00f3n de ciclov\u00edas y espacios verdes.<\/p>\n\n\n\n<p>Adem\u00e1s, se prev\u00e9 que esta conexi\u00f3n reduzca el tr\u00e1nsito pesado en la zona, permitiendo que los camiones utilicen la nueva ruta para llegar al Acceso Norte. Este puente no solo mejora la infraestructura vial, sino que tambi\u00e9n se ha dise\u00f1ado para garantizar la seguridad de peatones y ciclistas, con caracter\u00edsticas como barandas protectoras y espacios adecuados para la circulaci\u00f3n no motorizada.<\/p>\n\n\n\n<p><strong>Fuente: www.mendozapost.com<\/strong><\/p>\n","protected":false},"excerpt":{"rendered":"<p>La inauguraci\u00f3n de la\u00a0nueva conexi\u00f3n vial\u00a0entre\u00a0Guaymall\u00e9n\u00a0y\u00a0Las Heras\u00a0representa un avance crucial para la movilidad en el Gran Mendoza. Este proyecto, que\u00a0evita la necesidad de utilizar la Costanera, fue presentado oficialmente por el\u00a0Gobernador\u00a0Alfredo Cornejo, junto a autoridades locales como los intendentes\u00a0Marcos Calvente\u00a0y\u00a0Francisco Lo Presti. La obra se centra en la ampliaci\u00f3n de la&nbsp;calle Mitre, que ahora&nbsp;conecta directamente [&hellip;]<\/p>\n","protected":false},"author":2,"featured_media":14778,"comment_status":"open","ping_status":"open","sticky":false,"template":"","format":"standard","meta":[],"categories":[47],"tags":[],"_links":{"self":[{"href":"https:\/\/pasaenmendoza.com\/index.php?rest_route=\/wp\/v2\/posts\/14777"}],"collection":[{"href":"https:\/\/pasaenmendoza.com\/index.php?rest_route=\/wp\/v2\/posts"}],"about":[{"href":"https:\/\/pasaenmendoza.com\/index.php?rest_route=\/wp\/v2\/types\/post"}],"author":[{"embeddable":true,"href":"https:\/\/pasaenmendoza.com\/index.php?rest_route=\/wp\/v2\/users\/2"}],"replies":[{"embeddable":true,"href":"https:\/\/pasaenmendoza.com\/index.php?rest_route=%2Fwp%2Fv2%2Fcomments&post=14777"}],"version-history":[{"count":1,"href":"https:\/\/pasaenmendoza.com\/index.php?rest_route=\/wp\/v2\/posts\/14777\/revisions"}],"predecessor-version":[{"id":14779,"href":"https:\/\/pasaenmendoza.com\/index.php?rest_route=\/wp\/v2\/posts\/14777\/revisions\/14779"}],"wp:featuredmedia":[{"embeddable":true,"href":"https:\/\/pasaenmendoza.com\/index.php?rest_route=\/wp\/v2\/media\/14778"}],"wp:attachment":[{"href":"https:\/\/pasaenmendoza.com\/index.php?rest_route=%2Fwp%2Fv2%2Fmedia&parent=14777"}],"wp:term":[{"taxonomy":"category","embeddable":true,"href":"https:\/\/pasaenmendoza.com\/index.php?rest_route=%2Fwp%2Fv2%2Fcategories&post=14777"},{"taxonomy":"post_tag","embeddable":true,"href":"https:\/\/pasaenmendoza.com\/index.php?rest_route=%2Fwp%2Fv2%2Ftags&post=14777"}],"curies":[{"name":"wp","href":"https:\/\/api.w.org\/{rel}","templated":true}]}}