{"id":14789,"date":"2025-09-16T23:33:04","date_gmt":"2025-09-16T21:33:04","guid":{"rendered":"https:\/\/pasaenmendoza.com\/?p=14789"},"modified":"2025-09-16T23:33:06","modified_gmt":"2025-09-16T21:33:06","slug":"el-gobierno-pretende-eliminar-la-zona-fria-en-la-tarifa-del-gas-como-impactaria-en-mendoza","status":"publish","type":"post","link":"https:\/\/pasaenmendoza.com\/?p=14789","title":{"rendered":"El Gobierno pretende eliminar la Zona Fr\u00eda en la tarifa del gas: c\u00f3mo impactar\u00eda en Mendoza"},"content":{"rendered":"\n<p>El Gobierno Nacional present\u00f3 anoche el proyecto del\u00a0Presupuesto\u00a02026, la principal hoja de ruta en t\u00e9rminos econ\u00f3micos que establece los principales lineamientos de c\u00f3mo pretende distribuir el dinero en todo el a\u00f1o que viene.<\/p>\n\n\n\n<p>Entre las decenas de disposiciones, hay una medida que plante\u00f3 la gesti\u00f3n del presidente Javier Milei que ha generado controversia, que es la\u00a0<strong>eliminaci\u00f3n del r\u00e9gimen de &#8220;zona fr\u00eda&#8221;<\/strong>\u00a0para gran parte de\u00a0<strong>Mendoza<\/strong>\u00a0y otras provincias del pa\u00eds en la tarifa del\u00a0gas, lo que conllevar\u00eda a un incremento importante en los valores que los mendocinos pagan por este servicio.<\/p>\n\n\n\n<h2 class=\"wp-block-heading\">Qu\u00e9 es la Zona Fr\u00eda y cu\u00e1ntos mendocinos tienen este beneficio<\/h2>\n\n\n\n<p>Este r\u00e9gimen, que se compone de un descuento para la factura de gas para hogares de regiones de bajas temperaturas y que se financia con un cargo en las facturas del resto de hogares de usuarios del pa\u00eds, fue votado en 2001.<\/p>\n\n\n\n<p>Romina R\u00edos, de la Asociaci\u00f3n Civil de Defensa de Usuarios y Consumidores, se\u00f1al\u00f3 que los descuentos abarcan actualmente &#8220;a todos los mendocinos que tienen conexi\u00f3n a la red de gas natural&#8221;, que son aproximadamente 420.000 usuarios.<\/p>\n\n\n\n<p>Adem\u00e1s, sostuvo que el beneficio para la generalidad de usuarios es del 30% de reducci\u00f3n en el cuadro tarifario (cargo fijo+variable), pero hay una franja que, &#8220;por excepci\u00f3n&#8221;, tiene un descuento que llega del 50%. Esos son los sectores de usuarios &#8220;m\u00e1s vulnerables&#8221;.<\/p>\n\n\n\n<p>En cuanto a lo que pagan actualmente lo mendocinos, R\u00edos asegur\u00f3 que no hay una tarifa promedio como antes. &#8220;Desde el esquema de quita de subsidios varia mucho la factura porque hay 9 categor\u00edas, m\u00e1s 3 de la segmentaci\u00f3n, mas 2 de zona fr\u00eda&#8221;, dijo. Sin embargo, pudo dar rangos generales:<\/p>\n\n\n\n<p>-un usuario N2 pag\u00f3 en \u00e9ste invierno aproximadamente $18.000\/20.000 (Con zona fr\u00eda y subsidios, mas topes de consumo)<\/p>\n\n\n\n<p>-un usuario N3 alrededor de $23.00\/30.000 (Con zona fr\u00eda y subsidios, mas topes de consumo)<\/p>\n\n\n\n<p>-un usuario N1 alrededor de $45.000\/50.000 (con zona fr\u00eda, casi sin subsidio)<\/p>\n\n\n\n<h2 class=\"wp-block-heading\">Eliminaci\u00f3n de la Zona Fr\u00eda y repercusiones<\/h2>\n\n\n\n<p>Precisamente es el art\u00edculo 72 del proyecto de Presupuesto 2026 el que propone la derogaci\u00f3n de los art\u00edculos 4, 5, 6, 7 y 8 de la ley 27.637, que es el de la\u00a0ampliaci\u00f3n del r\u00e9gimen de Zona Fr\u00eda,\u00a0que es donde entr\u00f3 Mendoza en su totalidad.<\/p>\n\n\n\n<p>Si se llegara a aprobar todo el art\u00edculo sin cambios, solamente quedar\u00eda dentro del R\u00e9gimen el departamento de Malarg\u00fce, en lo que respecta a Mendoza.<\/p>\n\n\n\n<p>Quien se expres\u00f3 en contra de la propuesta del gobierno de Milei fue la senadora nacional, Anabel Fern\u00e1ndez Sagasti, quien sostuvo que la eliminaci\u00f3n de esta medida, a nivel nacional, abarcar\u00eda a 3 millones de usuarios.<\/p>\n\n\n\n<p>&#8220;En Mendoza, la medida es dram\u00e1tica: toda la provincia quedar\u00eda fuera del beneficio, excepto Malarg\u00fce. Ayer, al igual que Macri en 2018, nos dicen que &#8216;lo peor ya pas\u00f3&#8217;, pero en pleno ajuste, nos quitan un alivio que era justo y necesario. El programa de Zonas Fr\u00edas se cre\u00f3 para equilibrar una desigualdad hist\u00f3rica&#8221;, dijo en redes sociales.<\/p>\n\n\n\n<p>Agreg\u00f3 que en 2021, &#8220;Mendoza entera fue incorporada. \u00bfPor qu\u00e9? Porque somos de las zonas m\u00e1s fr\u00edas del pa\u00eds. Porque lo necesitamos. Porque el gas no es un lujo, es una necesidad b\u00e1sica en los meses de invierno. No fue un privilegio, fue una reparaci\u00f3n clim\u00e1tica y social&#8221;.<\/p>\n\n\n\n<p>Y finaliz\u00f3 con una chicana al resto de legisladores nacionales, sobre todo los radicales: &#8220;\u00bfQu\u00e9 dicen nuestros legisladores nacionales por Mendoza? \u00bfVan a acompa\u00f1ar este recorte?&#8221;.<a href=\"https:\/\/x.com\/anabelfsagasti\/status\/1967991631279235546\" class=\"\"><\/a><\/p>\n\n\n\n<p>Por otro lado, en el plano local, el candidato a diputado nacional por el Frente Verde, Mario Vadillo advirti\u00f3 que la medida impulsada por Milei y Cornejo &#8220;duplicar\u00e1 el costo del gas para miles de hogares mendocinos, afectando directamente la econom\u00eda familiar&#8221;.<\/p>\n\n\n\n<p>\u201cLa Zona Fr\u00eda no es un lujo, es una necesidad. Los hogares mendocinos que en invierno enfrentan facturas de hasta $75.000 ver\u00e1n c\u00f3mo este costo se duplica si se aprueba esta medida. Es un golpe directo al bolsillo de las familias, que ya sufren el impacto de la inflaci\u00f3n y la falta de poder adquisitivo\u201d, expres\u00f3.<\/p>\n\n\n\n<p>Seg\u00fan Vadillo, la medida representa un claro ajuste fiscal que no solo golpea a las familias, sino que tambi\u00e9n vulnera los derechos de los consumidores. &#8220;La medida es una regresi\u00f3n normativa. Mendoza se ve discriminada frente a otras regiones con climas similares que conservar\u00e1n este beneficio&#8221;, agreg\u00f3 el candidato.<\/p>\n\n\n\n<p><strong>Fuente: www.mdzol.com<\/strong><\/p>\n","protected":false},"excerpt":{"rendered":"<p>El Gobierno Nacional present\u00f3 anoche el proyecto del\u00a0Presupuesto\u00a02026, la principal hoja de ruta en t\u00e9rminos econ\u00f3micos que establece los principales lineamientos de c\u00f3mo pretende distribuir el dinero en todo el a\u00f1o que viene. Entre las decenas de disposiciones, hay una medida que plante\u00f3 la gesti\u00f3n del presidente Javier Milei que ha generado controversia, que es [&hellip;]<\/p>\n","protected":false},"author":2,"featured_media":14790,"comment_status":"open","ping_status":"open","sticky":false,"template":"","format":"standard","meta":[],"categories":[79],"tags":[],"_links":{"self":[{"href":"https:\/\/pasaenmendoza.com\/index.php?rest_route=\/wp\/v2\/posts\/14789"}],"collection":[{"href":"https:\/\/pasaenmendoza.com\/index.php?rest_route=\/wp\/v2\/posts"}],"about":[{"href":"https:\/\/pasaenmendoza.com\/index.php?rest_route=\/wp\/v2\/types\/post"}],"author":[{"embeddable":true,"href":"https:\/\/pasaenmendoza.com\/index.php?rest_route=\/wp\/v2\/users\/2"}],"replies":[{"embeddable":true,"href":"https:\/\/pasaenmendoza.com\/index.php?rest_route=%2Fwp%2Fv2%2Fcomments&post=14789"}],"version-history":[{"count":1,"href":"https:\/\/pasaenmendoza.com\/index.php?rest_route=\/wp\/v2\/posts\/14789\/revisions"}],"predecessor-version":[{"id":14791,"href":"https:\/\/pasaenmendoza.com\/index.php?rest_route=\/wp\/v2\/posts\/14789\/revisions\/14791"}],"wp:featuredmedia":[{"embeddable":true,"href":"https:\/\/pasaenmendoza.com\/index.php?rest_route=\/wp\/v2\/media\/14790"}],"wp:attachment":[{"href":"https:\/\/pasaenmendoza.com\/index.php?rest_route=%2Fwp%2Fv2%2Fmedia&parent=14789"}],"wp:term":[{"taxonomy":"category","embeddable":true,"href":"https:\/\/pasaenmendoza.com\/index.php?rest_route=%2Fwp%2Fv2%2Fcategories&post=14789"},{"taxonomy":"post_tag","embeddable":true,"href":"https:\/\/pasaenmendoza.com\/index.php?rest_route=%2Fwp%2Fv2%2Ftags&post=14789"}],"curies":[{"name":"wp","href":"https:\/\/api.w.org\/{rel}","templated":true}]}}