{"id":14792,"date":"2025-09-17T16:08:20","date_gmt":"2025-09-17T14:08:20","guid":{"rendered":"https:\/\/pasaenmendoza.com\/?p=14792"},"modified":"2025-09-17T16:08:21","modified_gmt":"2025-09-17T14:08:21","slug":"el-tiempo-en-mendoza-calor-y-tormentas-aisladas","status":"publish","type":"post","link":"https:\/\/pasaenmendoza.com\/?p=14792","title":{"rendered":"El tiempo en Mendoza: calor y tormentas aisladas"},"content":{"rendered":"\n<p>El pron\u00f3stico extendido de la Direcci\u00f3n de Contingencias Clim\u00e1ticas y el Servicio Meteorol\u00f3gico Nacional anticipa una semana marcada por la variabilidad clim\u00e1tica en Mendoza, con jornadas c\u00e1lidas, tormentas aisladas y descenso de temperatura hacia el fin de semana. Tambi\u00e9n se esperan nevadas en zonas cordilleranas.<\/p>\n\n\n\n<p>Este mi\u00e9rcoles, se presenta con nubosidad variable, tormentas aisladas y vientos moderados del noreste. En la cordillera, el cielo estar\u00e1 parcialmente nublado. Las temperaturas oscilar\u00e1n entre los 13\u00b0C de m\u00ednima y los 28\u00b0C de m\u00e1xima.<\/p>\n\n\n\n<h3 class=\"wp-block-heading\" id=\"h-jueves-18-leve-ascenso-termico-e-inestabilidad-nocturna\">Jueves 18: leve ascenso t\u00e9rmico e inestabilidad nocturna<\/h3>\n\n\n\n<p>Para ma\u00f1ana se espera nubosidad variable, con poco cambio en la temperatura. Los vientos ser\u00e1n leves del sector sur, rotando al noreste. Hacia la noche, el tiempo se tornar\u00e1 inestable. La m\u00e1xima podr\u00eda alcanzar los 29\u00b0C y la m\u00ednima los 14\u00b0C.<\/p>\n\n\n\n<h3 class=\"wp-block-heading\" id=\"h-viernes-19-descenso-termico-y-nuevas-tormentas\">Viernes 19: descenso t\u00e9rmico y nuevas tormentas<\/h3>\n\n\n\n<p>El viernes se prev\u00e9 cielo parcialmente nublado, con descenso de la temperatura y vientos moderados a algo fuertes del sector sur. Se anuncian tormentas aisladas. La m\u00ednima ser\u00e1 de 16\u00b0C y la m\u00e1xima rondar\u00e1 los 24\u00b0C.<\/p>\n\n\n\n<h3 class=\"wp-block-heading\" id=\"h-sabado-20-nevadas-en-cordillera-y-clima-fresco\">S\u00e1bado 20: nevadas en cordillera y clima fresco<\/h3>\n\n\n\n<p>La semana cerrar\u00e1 con una jornada parcialmente nublada, poco cambio de temperatura y tormentas aisladas. En cordillera se esperan nevadas, lo que podr\u00eda afectar la transitabilidad en pasos fronterizos. Las temperaturas ir\u00e1n de los 12\u00b0C a los 23\u00b0C.<\/p>\n\n\n\n<p><strong>Fuente: www.elsol.com.ar<\/strong><\/p>\n","protected":false},"excerpt":{"rendered":"<p>El pron\u00f3stico extendido de la Direcci\u00f3n de Contingencias Clim\u00e1ticas y el Servicio Meteorol\u00f3gico Nacional anticipa una semana marcada por la variabilidad clim\u00e1tica en Mendoza, con jornadas c\u00e1lidas, tormentas aisladas y descenso de temperatura hacia el fin de semana. Tambi\u00e9n se esperan nevadas en zonas cordilleranas. Este mi\u00e9rcoles, se presenta con nubosidad variable, tormentas aisladas y [&hellip;]<\/p>\n","protected":false},"author":2,"featured_media":14793,"comment_status":"open","ping_status":"open","sticky":false,"template":"","format":"standard","meta":[],"categories":[52],"tags":[],"_links":{"self":[{"href":"https:\/\/pasaenmendoza.com\/index.php?rest_route=\/wp\/v2\/posts\/14792"}],"collection":[{"href":"https:\/\/pasaenmendoza.com\/index.php?rest_route=\/wp\/v2\/posts"}],"about":[{"href":"https:\/\/pasaenmendoza.com\/index.php?rest_route=\/wp\/v2\/types\/post"}],"author":[{"embeddable":true,"href":"https:\/\/pasaenmendoza.com\/index.php?rest_route=\/wp\/v2\/users\/2"}],"replies":[{"embeddable":true,"href":"https:\/\/pasaenmendoza.com\/index.php?rest_route=%2Fwp%2Fv2%2Fcomments&post=14792"}],"version-history":[{"count":1,"href":"https:\/\/pasaenmendoza.com\/index.php?rest_route=\/wp\/v2\/posts\/14792\/revisions"}],"predecessor-version":[{"id":14794,"href":"https:\/\/pasaenmendoza.com\/index.php?rest_route=\/wp\/v2\/posts\/14792\/revisions\/14794"}],"wp:featuredmedia":[{"embeddable":true,"href":"https:\/\/pasaenmendoza.com\/index.php?rest_route=\/wp\/v2\/media\/14793"}],"wp:attachment":[{"href":"https:\/\/pasaenmendoza.com\/index.php?rest_route=%2Fwp%2Fv2%2Fmedia&parent=14792"}],"wp:term":[{"taxonomy":"category","embeddable":true,"href":"https:\/\/pasaenmendoza.com\/index.php?rest_route=%2Fwp%2Fv2%2Fcategories&post=14792"},{"taxonomy":"post_tag","embeddable":true,"href":"https:\/\/pasaenmendoza.com\/index.php?rest_route=%2Fwp%2Fv2%2Ftags&post=14792"}],"curies":[{"name":"wp","href":"https:\/\/api.w.org\/{rel}","templated":true}]}}