{"id":14795,"date":"2025-09-17T16:16:28","date_gmt":"2025-09-17T14:16:28","guid":{"rendered":"https:\/\/pasaenmendoza.com\/?p=14795"},"modified":"2025-09-17T16:16:29","modified_gmt":"2025-09-17T14:16:29","slug":"droga-en-recien-nacidos-el-alarmante-dato-que-revela-una-dura-realidad-en-mendoza","status":"publish","type":"post","link":"https:\/\/pasaenmendoza.com\/?p=14795","title":{"rendered":"Droga en reci\u00e9n nacidos: el alarmante dato que revela una dura realidad en Mendoza"},"content":{"rendered":"\n<p>Las cifras de&nbsp;<strong>mortalidad materna e infantil en Mendoza<\/strong>&nbsp;pusieron en alerta a los encargados de la gesti\u00f3n de las pol\u00edticas sanitarias. El registro de los \u00faltimos 6 a\u00f1os marcaba una curva descendente en el&nbsp;n\u00famero de muertes de ni\u00f1os pero durante el 2024 hubo un aumento que llev\u00f3 la tasa de 5,5 a 7,5.&nbsp;Uno de los indicadores que m\u00e1s preocupa es el&nbsp;<strong>consumo problem\u00e1tico de sustancias psicoactivas en mujeres embarazadas y pu\u00e9rperas<\/strong>&nbsp;ya que se observa que,&nbsp;<strong>alrededor del 15 y 20% de los beb\u00e9s internados en los servicios de neonatolog\u00eda del sistema p\u00fablico tienen dosajes positivos de t\u00f3xicos<\/strong>.<\/p>\n\n\n\n<p>En el 2024, se registraron 18.541 nacimientos en Mendoza, de los cuales 139 fallecieron antes de cumplir el a\u00f1o, de ese total fueron 41 fallecimientos infantiles en el sector privado. La tasa se elev\u00f3 de 5,5 a 7,5 y las causas son diversas, desde afecciones debidas al nacimiento prematuro o bajo peso al nacer, entre otras afecciones m\u00e9dicas.<\/p>\n\n\n\n<p>Entre los indicadores que monitorean los profesionales de los efectores p\u00fablicos de salud se encuentra\u00a0<strong>el alto porcentaje de beb\u00e9s internados en neonatolog\u00eda con dosaje positivo de t\u00f3xicos debido al consumo por parte de embarazadas y mujeres pu\u00e9rperas.<\/strong>\u00a0<em>\u201cEstamos viendo que un porcentaje importante entre el 15 y el 20% de los beb\u00e9s internados en neonatolog\u00edas del sistema p\u00fablico tienen dosajes positivos de t\u00f3xicos, eso es muy grave porque afecta la salud de esos beb\u00e9s pero tambi\u00e9n el desarrollo neurol\u00f3gico cognitivo del futuro de esos ni\u00f1os\u201d<\/em>, expres\u00f3 el ministro de Salud y Deportes, Rodolfo Montero.<\/p>\n\n\n\n<p>El consumo problem\u00e1tico de sustancias psicoactivas durante el embarazo puede provocar aborto espont\u00e1neo, parto prematuro, desprendimiento de placenta, malformaciones cong\u00e9nitas, bajo peso al nacer, s\u00edndrome de abstinencia neonatal y problemas de aprendizaje y conducta en el ni\u00f1o, adem\u00e1s de aumentar los riesgos de adicci\u00f3n y trastornos de salud mental en la madre.<\/p>\n\n\n\n<p>En ese sentido, desde el Ministerio de Salud anunciaron que se pondr\u00e1 en marcha<strong>\u00a0una pesquisa de t\u00f3xicos voluntaria para mujeres gestantes en todos los centros de salud<\/strong>. La misma no va a ser parte de los controles regulares de las mujeres embarazadas sino que va a ser un servicio adicional voluntario para las mam\u00e1s como parte de los controles del embarazo.<\/p>\n\n\n\n<p>El funcionario agreg\u00f3:&nbsp;<em>\u201cNecesitamos llevar todos los servicios y toda la informaci\u00f3n a las mam\u00e1s para proteger su salud y la del ni\u00f1o que est\u00e1 por nacer. Si el resultado del dosaje llegara a dar positivo, vamos a poder acercarles servicios profesionales y salud mental para acompa\u00f1arlas y cuidar su salud y la de los beb\u00e9s<\/em>\u201c.<\/p>\n\n\n\n<p>Por su parte, el director de Salud Mental y Consumos Problem\u00e1ticos de Mendoza, Manuel Vilapri\u00f1o, reflexion\u00f3:\u00a0<em>\u201cGenera preocupaci\u00f3n lo que est\u00e1 ocurriendo en relaci\u00f3n al consumo durante el embarazo, ya que hasta hace a\u00f1os atr\u00e1s eso era algo muy improbable de detectar. Por supuesto, en vez de juzgar o de criminalizar el funcionamiento de la madre, tenemos que entender que la adicci\u00f3n es una enfermedad y que debe ser tratada y abordada de manera adecuada\u201d<\/em>.<\/p>\n\n\n\n<p>El abordaje de los casos se realizar\u00e1 de forma integral desde lo asistencial pero tambi\u00e9n en la prevenci\u00f3n.&nbsp;<em>\u201cEs importante que la sociedad pueda entender la gravedad y las consecuencias de este tipo de funcionamientos y de este tipo de conductas que hablan de una enfermedad tremendamente grave, porque hoy por hoy a la adicci\u00f3n la consideramos eso, una enfermedad que tiene causas, que tiene implicancias claras y que significa tambi\u00e9n alteraciones metab\u00f3licas en el funcionamiento del cerebro que dan lugar a muchos de los s\u00edntomas que estas personas presentan\u201d<\/em>, destac\u00f3 el m\u00e9dico psiquiatra Manuel Vilapri\u00f1o.<\/p>\n\n\n\n<h2 class=\"wp-block-heading\" id=\"h-una-problematica-atravesada-por-las-crisis-sociales\">Una problem\u00e1tica atravesada por las crisis sociales<\/h2>\n\n\n\n<p>La comparaci\u00f3n de las curvas de mortalidad infantil de los \u00faltimos a\u00f1os, muestran que los picos o aumento en las tasas<strong>&nbsp;<\/strong>coinciden con las crisis econ\u00f3micas registradas durante las \u00faltimas dos d\u00e9cadas.&nbsp;<\/p>\n\n\n\n<p>A nivel local se observa que en el sector p\u00fablico aumentaron un 11% las muertes de ni\u00f1os (antes del a\u00f1o) mientras que en el sector privado aumentaron un 70%.<\/p>\n\n\n\n<p>En Mendoza, el porcentaje de nacidos vivos que nacieron prematuros, es decir antes de las 37 semanas de gestaci\u00f3n, representa entre el 7 y 8% del total de nacidos vivos mientras que\u00a0los prematuros extremos, es decir los que nacen antes de las 37 semanas con menos de 1500 gramos\u00a0representan el 1% de los nacimientos. Ese grupo representa\u00a0el 40% de la\u00a0<strong>mortalidad infantil<\/strong>.\u00a0Si bien el porcentaje de ni\u00f1os que\u00a0nacieron prematuros y fallecieron es alto, no quiere decir que la causa de muerte\u00a0fue la prematurez. Desde la Direcci\u00f3n de Maternidad e Infancias del Ministerio de Salud de Mendoza explicaron que muchas de esas muertes fueron por diversos s\u00edndromes o malformaciones que en algunos casos podr\u00edan estar relacionadas al consumo de sustancias t\u00f3xicas por parte de las madres.\u00a0<\/p>\n\n\n\n<p><strong>Fuente: www.elsol.com.ar<\/strong><\/p>\n","protected":false},"excerpt":{"rendered":"<p>Las cifras de&nbsp;mortalidad materna e infantil en Mendoza&nbsp;pusieron en alerta a los encargados de la gesti\u00f3n de las pol\u00edticas sanitarias. El registro de los \u00faltimos 6 a\u00f1os marcaba una curva descendente en el&nbsp;n\u00famero de muertes de ni\u00f1os pero durante el 2024 hubo un aumento que llev\u00f3 la tasa de 5,5 a 7,5.&nbsp;Uno de los indicadores [&hellip;]<\/p>\n","protected":false},"author":2,"featured_media":14796,"comment_status":"open","ping_status":"open","sticky":false,"template":"","format":"standard","meta":[],"categories":[58],"tags":[],"_links":{"self":[{"href":"https:\/\/pasaenmendoza.com\/index.php?rest_route=\/wp\/v2\/posts\/14795"}],"collection":[{"href":"https:\/\/pasaenmendoza.com\/index.php?rest_route=\/wp\/v2\/posts"}],"about":[{"href":"https:\/\/pasaenmendoza.com\/index.php?rest_route=\/wp\/v2\/types\/post"}],"author":[{"embeddable":true,"href":"https:\/\/pasaenmendoza.com\/index.php?rest_route=\/wp\/v2\/users\/2"}],"replies":[{"embeddable":true,"href":"https:\/\/pasaenmendoza.com\/index.php?rest_route=%2Fwp%2Fv2%2Fcomments&post=14795"}],"version-history":[{"count":1,"href":"https:\/\/pasaenmendoza.com\/index.php?rest_route=\/wp\/v2\/posts\/14795\/revisions"}],"predecessor-version":[{"id":14797,"href":"https:\/\/pasaenmendoza.com\/index.php?rest_route=\/wp\/v2\/posts\/14795\/revisions\/14797"}],"wp:featuredmedia":[{"embeddable":true,"href":"https:\/\/pasaenmendoza.com\/index.php?rest_route=\/wp\/v2\/media\/14796"}],"wp:attachment":[{"href":"https:\/\/pasaenmendoza.com\/index.php?rest_route=%2Fwp%2Fv2%2Fmedia&parent=14795"}],"wp:term":[{"taxonomy":"category","embeddable":true,"href":"https:\/\/pasaenmendoza.com\/index.php?rest_route=%2Fwp%2Fv2%2Fcategories&post=14795"},{"taxonomy":"post_tag","embeddable":true,"href":"https:\/\/pasaenmendoza.com\/index.php?rest_route=%2Fwp%2Fv2%2Ftags&post=14795"}],"curies":[{"name":"wp","href":"https:\/\/api.w.org\/{rel}","templated":true}]}}