{"id":14798,"date":"2025-09-17T16:29:45","date_gmt":"2025-09-17T14:29:45","guid":{"rendered":"https:\/\/pasaenmendoza.com\/?p=14798"},"modified":"2025-09-17T16:29:46","modified_gmt":"2025-09-17T14:29:46","slug":"marcha-universitaria-recorrido-y-las-calles-que-estaran-cortadas","status":"publish","type":"post","link":"https:\/\/pasaenmendoza.com\/?p=14798","title":{"rendered":"Marcha universitaria: recorrido y las calles que estar\u00e1n cortadas"},"content":{"rendered":"\n<p>\u00a0Hace casi un a\u00f1o, una multitudinaria convocatoria con alrededor de 30 mil personas\u00a0marcharon por las calles de Mendoza en\u00a0<strong>defensa de la educaci\u00f3n p\u00fablica.<\/strong><\/p>\n\n\n\n<p>Este mi\u00e9rcoles 17 de septiembre se vuelven a convocar y el punto de partida de la movilizaci\u00f3n&nbsp;<strong>comenzar\u00e1 en el ingreso al Campus Universitario y avanzar\u00e1 hasta Plaza Independencia,<\/strong>&nbsp;donde se realizar\u00e1 el acto central.<\/p>\n\n\n\n<p>A las 15 est\u00e1 prevista la concentraci\u00f3n en el ingreso al Campus de la UNCuyo. Una hora m\u00e1s tarde, a las 16, la columna comenzar\u00e1 a marchar por calle\u00a0<strong>Carlos Lencinas, continuar\u00e1 por Juan B. Justo, luego tomar\u00e1 avenida Las Heras hasta Mitre y doblar\u00e1 hacia el sur, con destino final en la Plaza Independencia.<\/strong><\/p>\n\n\n\n<p>En la plaza se montar\u00e1 un escenario, donde comenzar\u00e1 el acto de cierre. All\u00ed, tras entonar el Himno Nacional, hablar\u00e1n representantes de la Federaci\u00f3n Universitaria de Cuyo, centros de estudiantes, el frente sindical, el vicerrector\u00a0<strong>Gabriel Fidel<\/strong>\u00a0y la rectora\u00a0<strong>Esther S\u00e1nchez<\/strong>.<\/p>\n\n\n\n<p><strong>Fuente: www.mendozapost.com<\/strong><\/p>\n","protected":false},"excerpt":{"rendered":"<p>\u00a0Hace casi un a\u00f1o, una multitudinaria convocatoria con alrededor de 30 mil personas\u00a0marcharon por las calles de Mendoza en\u00a0defensa de la educaci\u00f3n p\u00fablica. Este mi\u00e9rcoles 17 de septiembre se vuelven a convocar y el punto de partida de la movilizaci\u00f3n&nbsp;comenzar\u00e1 en el ingreso al Campus Universitario y avanzar\u00e1 hasta Plaza Independencia,&nbsp;donde se realizar\u00e1 el acto [&hellip;]<\/p>\n","protected":false},"author":2,"featured_media":14799,"comment_status":"open","ping_status":"open","sticky":false,"template":"","format":"standard","meta":[],"categories":[50],"tags":[],"_links":{"self":[{"href":"https:\/\/pasaenmendoza.com\/index.php?rest_route=\/wp\/v2\/posts\/14798"}],"collection":[{"href":"https:\/\/pasaenmendoza.com\/index.php?rest_route=\/wp\/v2\/posts"}],"about":[{"href":"https:\/\/pasaenmendoza.com\/index.php?rest_route=\/wp\/v2\/types\/post"}],"author":[{"embeddable":true,"href":"https:\/\/pasaenmendoza.com\/index.php?rest_route=\/wp\/v2\/users\/2"}],"replies":[{"embeddable":true,"href":"https:\/\/pasaenmendoza.com\/index.php?rest_route=%2Fwp%2Fv2%2Fcomments&post=14798"}],"version-history":[{"count":1,"href":"https:\/\/pasaenmendoza.com\/index.php?rest_route=\/wp\/v2\/posts\/14798\/revisions"}],"predecessor-version":[{"id":14800,"href":"https:\/\/pasaenmendoza.com\/index.php?rest_route=\/wp\/v2\/posts\/14798\/revisions\/14800"}],"wp:featuredmedia":[{"embeddable":true,"href":"https:\/\/pasaenmendoza.com\/index.php?rest_route=\/wp\/v2\/media\/14799"}],"wp:attachment":[{"href":"https:\/\/pasaenmendoza.com\/index.php?rest_route=%2Fwp%2Fv2%2Fmedia&parent=14798"}],"wp:term":[{"taxonomy":"category","embeddable":true,"href":"https:\/\/pasaenmendoza.com\/index.php?rest_route=%2Fwp%2Fv2%2Fcategories&post=14798"},{"taxonomy":"post_tag","embeddable":true,"href":"https:\/\/pasaenmendoza.com\/index.php?rest_route=%2Fwp%2Fv2%2Ftags&post=14798"}],"curies":[{"name":"wp","href":"https:\/\/api.w.org\/{rel}","templated":true}]}}