{"id":14805,"date":"2025-09-17T23:50:05","date_gmt":"2025-09-17T21:50:05","guid":{"rendered":"https:\/\/pasaenmendoza.com\/?p=14805"},"modified":"2025-09-17T23:50:06","modified_gmt":"2025-09-17T21:50:06","slug":"transporte-en-mendoza-boleto-congelado-extension-de-la-sube-y-cambios-en-viajes-con-plataformas","status":"publish","type":"post","link":"https:\/\/pasaenmendoza.com\/?p=14805","title":{"rendered":"Transporte en Mendoza: boleto congelado, extensi\u00f3n de la SUBE y cambios en viajes con plataformas"},"content":{"rendered":"\n<p>Desde el Gobierno de Mendoza aseguraron que\u00a0el valor del boleto de colectivo\u00a0se mantendr\u00e1 en $1.000 durante los pr\u00f3ximos meses. La decisi\u00f3n se apoya en los estudios de costos realizados de manera peri\u00f3dica, que en el \u00faltimo tiempo no registraron variaciones significativas.<\/p>\n\n\n\n<p>Actualmente, m\u00e1s del 60% de los pasajeros abona por debajo de esa tarifa gracias a subsidios, abonos y gratuidades destinadas a distintos sectores, entre ellos estudiantes, docentes, jubilados y personas con discapacidad. Mendoza se mantiene, adem\u00e1s, por debajo del promedio nacional de precios del transporte p\u00fablico, seg\u00fan el ranking elaborado por la Asociaci\u00f3n Argentina de Empresarios del Transporte Automotor (Aaeta).<\/p>\n\n\n\n<h3 class=\"wp-block-heading\">Expansi\u00f3n de la<a href=\"https:\/\/www.diariomendoza.com.ar\/economia\/\">SUBE en la provincia<\/a><\/h3>\n\n\n\n<p>El Ejecutivo provincial tambi\u00e9n avanza con la implementaci\u00f3n del sistema SUBE en zonas que todav\u00eda no cuentan con este servicio. En los pr\u00f3ximos d\u00edas comenzar\u00e1 a operar en Lavalle, y posteriormente se extender\u00e1 a los departamentos del Este, el Valle de Uco, Malarg\u00fce y General Alvear. Actualmente, fuera del Gran Mendoza, solo San Rafael dispone de este sistema desde 2022.<\/p>\n\n\n\n<h3 class=\"wp-block-heading\">Cambios normativos en transporte por plataformas<\/h3>\n\n\n\n<p>En paralelo, la Legislatura dio despacho favorable a un proyecto que propone actualizar las leyes 9.086 y 7.412 para mejorar la regulaci\u00f3n del transporte de pasajeros a trav\u00e9s de\u00a0plataformas electr\u00f3nicas.<\/p>\n\n\n\n<p>Las modificaciones contemplan la aplicaci\u00f3n de\u00a0<strong>multas progresivas<\/strong>\u00a0para infracciones, en reemplazo del esquema actual que solo prev\u00e9 sanciones leves o, en el extremo, la inhabilitaci\u00f3n total de la empresa. El nuevo marco tambi\u00e9n busca facilitar el ingreso de\u00a0<strong>veh\u00edculos el\u00e9ctricos<\/strong>\u00a0al sistema, eliminando restricciones vigentes y promoviendo alternativas m\u00e1s sustentables.<\/p>\n\n\n\n<p><strong>Fuente: www.diariomendoza.com.ar<\/strong><\/p>\n","protected":false},"excerpt":{"rendered":"<p>Desde el Gobierno de Mendoza aseguraron que\u00a0el valor del boleto de colectivo\u00a0se mantendr\u00e1 en $1.000 durante los pr\u00f3ximos meses. La decisi\u00f3n se apoya en los estudios de costos realizados de manera peri\u00f3dica, que en el \u00faltimo tiempo no registraron variaciones significativas. Actualmente, m\u00e1s del 60% de los pasajeros abona por debajo de esa tarifa gracias [&hellip;]<\/p>\n","protected":false},"author":2,"featured_media":14806,"comment_status":"open","ping_status":"open","sticky":false,"template":"","format":"standard","meta":[],"categories":[80],"tags":[],"_links":{"self":[{"href":"https:\/\/pasaenmendoza.com\/index.php?rest_route=\/wp\/v2\/posts\/14805"}],"collection":[{"href":"https:\/\/pasaenmendoza.com\/index.php?rest_route=\/wp\/v2\/posts"}],"about":[{"href":"https:\/\/pasaenmendoza.com\/index.php?rest_route=\/wp\/v2\/types\/post"}],"author":[{"embeddable":true,"href":"https:\/\/pasaenmendoza.com\/index.php?rest_route=\/wp\/v2\/users\/2"}],"replies":[{"embeddable":true,"href":"https:\/\/pasaenmendoza.com\/index.php?rest_route=%2Fwp%2Fv2%2Fcomments&post=14805"}],"version-history":[{"count":1,"href":"https:\/\/pasaenmendoza.com\/index.php?rest_route=\/wp\/v2\/posts\/14805\/revisions"}],"predecessor-version":[{"id":14807,"href":"https:\/\/pasaenmendoza.com\/index.php?rest_route=\/wp\/v2\/posts\/14805\/revisions\/14807"}],"wp:featuredmedia":[{"embeddable":true,"href":"https:\/\/pasaenmendoza.com\/index.php?rest_route=\/wp\/v2\/media\/14806"}],"wp:attachment":[{"href":"https:\/\/pasaenmendoza.com\/index.php?rest_route=%2Fwp%2Fv2%2Fmedia&parent=14805"}],"wp:term":[{"taxonomy":"category","embeddable":true,"href":"https:\/\/pasaenmendoza.com\/index.php?rest_route=%2Fwp%2Fv2%2Fcategories&post=14805"},{"taxonomy":"post_tag","embeddable":true,"href":"https:\/\/pasaenmendoza.com\/index.php?rest_route=%2Fwp%2Fv2%2Ftags&post=14805"}],"curies":[{"name":"wp","href":"https:\/\/api.w.org\/{rel}","templated":true}]}}