{"id":14808,"date":"2025-09-17T23:57:57","date_gmt":"2025-09-17T21:57:57","guid":{"rendered":"https:\/\/pasaenmendoza.com\/?p=14808"},"modified":"2025-09-17T23:57:58","modified_gmt":"2025-09-17T21:57:58","slug":"desesperada-busqueda-de-una-nina-de-5-anos-que-fue-retirada-de-la-escuela-por-un-familiar-y-desaparecio","status":"publish","type":"post","link":"https:\/\/pasaenmendoza.com\/?p=14808","title":{"rendered":"Desesperada b\u00fasqueda de una ni\u00f1a de 5 a\u00f1os que fue retirada de la escuela por un familiar y desapareci\u00f3"},"content":{"rendered":"\n<p>De manera urgente y con mucha preocupaci\u00f3n, la Justicia activ\u00f3 medidas para tratar de localizar a una ni\u00f1a de 5 a\u00f1os,\u00a0<strong>desaparecida<\/strong>\u00a0el \u00faltimo martes en\u00a0<strong>San Rafael.\u00a0<\/strong><\/p>\n\n\n\n<p>Se trata de Lourdes Milagros G\u00f3mez Leguizam\u00f3n, quien fue vista por \u00faltima vez ayer a las 16:30, cuando un familiar la retir\u00f3 de la escuela Alfredo R. Bufano, ubicada en el distrito Villa 25 de Mayo.<\/p>\n\n\n\n<p>\u201cSus caracter\u00edsticas f\u00edsicas son las siguientes: mide 1 metro aproximadamente, su tez es trigue\u00f1a y su cabello es de color casta\u00f1o oscuro, largo hasta la cintura. Sus ojos son marrones y en la nuca tiene un lunar de nacimiento\u201d, informaron desde el<strong>&nbsp;Ministerio P\u00fablico Fiscal.&nbsp;<\/strong><\/p>\n\n\n\n<p>\u201cLa menor vest\u00eda remera rosada, pantal\u00f3n de jean con bordado de \u201cLabubu\u201d y zapatillas rosadas,\u201d, agregaron.\u00a0<\/p>\n\n\n\n<p>Mientras la fiscal\u00eda interviniente y la Polic\u00eda<strong>&nbsp;investigan<\/strong>&nbsp;el paradero de la menor, se le pide a la poblaci\u00f3n que ante cualquier dato que sirva de referencia en el marco de esta b\u00fasqueda, se comunique de manera urgente al 911.<\/p>\n\n\n\n<h3 class=\"wp-block-heading\"><strong>M\u00e1s mendocinos desaparecidos<\/strong><\/h3>\n\n\n\n<p><strong>Jos\u00e9 Daniel Galeano<\/strong>, de 15 a\u00f1os: fue visto por \u00faltima vez el pasado lunes en horas de la ma\u00f1ana, cuando sali\u00f3 de su casa ubicada en el Barrio Inmigrante, de General Alvear.<\/p>\n\n\n\n<p>De acuerdo a la informaci\u00f3n consignada en el expediente en curso, su aspecto f\u00edsico es: tez morocha, \u00a0mide 1,70 metros, ojos marrones oscuros y cabello negro. Su contextura es delgada y lleva un aro en su oreja derecha. Llevaba un buzo gris de algod\u00f3n, pantal\u00f3n de joggins negro y zapatillas de color azul oscuro.\u00a0<\/p>\n\n\n\n<p><strong>\u00a0Jos\u00e9 Luis Baz\u00e1n<\/strong>\u00a0(56): fue visto por \u00faltima vez el pasado domingo. Tiene el cabello canoso, su contextura es delgada y mide 1,75 metros. Como rasgo distintivo, en \u00a0su brazo\u00a0derecho tiene un tatuaje con plumas.<\/p>\n\n\n\n<p><strong>Fuente: www.diariomendoza.com.ar<\/strong><\/p>\n","protected":false},"excerpt":{"rendered":"<p>De manera urgente y con mucha preocupaci\u00f3n, la Justicia activ\u00f3 medidas para tratar de localizar a una ni\u00f1a de 5 a\u00f1os,\u00a0desaparecida\u00a0el \u00faltimo martes en\u00a0San Rafael.\u00a0 Se trata de Lourdes Milagros G\u00f3mez Leguizam\u00f3n, quien fue vista por \u00faltima vez ayer a las 16:30, cuando un familiar la retir\u00f3 de la escuela Alfredo R. Bufano, ubicada en [&hellip;]<\/p>\n","protected":false},"author":2,"featured_media":14809,"comment_status":"open","ping_status":"open","sticky":false,"template":"","format":"standard","meta":[],"categories":[48],"tags":[],"_links":{"self":[{"href":"https:\/\/pasaenmendoza.com\/index.php?rest_route=\/wp\/v2\/posts\/14808"}],"collection":[{"href":"https:\/\/pasaenmendoza.com\/index.php?rest_route=\/wp\/v2\/posts"}],"about":[{"href":"https:\/\/pasaenmendoza.com\/index.php?rest_route=\/wp\/v2\/types\/post"}],"author":[{"embeddable":true,"href":"https:\/\/pasaenmendoza.com\/index.php?rest_route=\/wp\/v2\/users\/2"}],"replies":[{"embeddable":true,"href":"https:\/\/pasaenmendoza.com\/index.php?rest_route=%2Fwp%2Fv2%2Fcomments&post=14808"}],"version-history":[{"count":1,"href":"https:\/\/pasaenmendoza.com\/index.php?rest_route=\/wp\/v2\/posts\/14808\/revisions"}],"predecessor-version":[{"id":14810,"href":"https:\/\/pasaenmendoza.com\/index.php?rest_route=\/wp\/v2\/posts\/14808\/revisions\/14810"}],"wp:featuredmedia":[{"embeddable":true,"href":"https:\/\/pasaenmendoza.com\/index.php?rest_route=\/wp\/v2\/media\/14809"}],"wp:attachment":[{"href":"https:\/\/pasaenmendoza.com\/index.php?rest_route=%2Fwp%2Fv2%2Fmedia&parent=14808"}],"wp:term":[{"taxonomy":"category","embeddable":true,"href":"https:\/\/pasaenmendoza.com\/index.php?rest_route=%2Fwp%2Fv2%2Fcategories&post=14808"},{"taxonomy":"post_tag","embeddable":true,"href":"https:\/\/pasaenmendoza.com\/index.php?rest_route=%2Fwp%2Fv2%2Ftags&post=14808"}],"curies":[{"name":"wp","href":"https:\/\/api.w.org\/{rel}","templated":true}]}}