{"id":1481,"date":"2023-09-15T14:02:34","date_gmt":"2023-09-15T12:02:34","guid":{"rendered":"https:\/\/pasaenmendoza.com\/?p=1481"},"modified":"2023-09-15T14:02:35","modified_gmt":"2023-09-15T12:02:35","slug":"viernes-calido-con-zonda-en-el-sur-y-se-viene-un-finde-caluroso","status":"publish","type":"post","link":"https:\/\/pasaenmendoza.com\/?p=1481","title":{"rendered":"Viernes c\u00e1lido con Zonda en el sur y se viene un finde caluroso"},"content":{"rendered":"\n<p><strong>Este viernes asciende la temperatura en los departamentos del Gran Mendoza y el cielo algo nublado. Ma\u00f1ana se prev\u00e9 una jornada calurosa.<\/strong><\/p>\n\n\n\n<p>Seg\u00fan las previsiones del\u00a0<strong>Servicio Meteorol\u00f3gico Nacional<\/strong>, la m\u00e1xima esperada para hoy es de 27\u00b0.<\/p>\n\n\n\n<p>Adem\u00e1s, hay\u00a0<strong>alerta naranja por viento Zonda para el sur mendocino, principalmente para el<\/strong>\u00a0departamento de Malarg\u00fce y algunas localidades de Alvear y San Rafael.<\/p>\n\n\n\n<p>La m\u00e1xima pronosticada para el s\u00e1bado es de 29\u00b0, pero el domingo habr\u00e1 un marcado descenso y la m\u00e1xima prevista es de<strong>\u00a019\u00b0<\/strong>.<\/p>\n\n\n\n<p><strong>Fuente: www.mendozapost.com<\/strong><\/p>\n","protected":false},"excerpt":{"rendered":"<p>Este viernes asciende la temperatura en los departamentos del Gran Mendoza y el cielo algo nublado. Ma\u00f1ana se prev\u00e9 una jornada calurosa. Seg\u00fan las previsiones del\u00a0Servicio Meteorol\u00f3gico Nacional, la m\u00e1xima esperada para hoy es de 27\u00b0. Adem\u00e1s, hay\u00a0alerta naranja por viento Zonda para el sur mendocino, principalmente para el\u00a0departamento de Malarg\u00fce y algunas localidades de [&hellip;]<\/p>\n","protected":false},"author":2,"featured_media":1482,"comment_status":"open","ping_status":"open","sticky":false,"template":"","format":"standard","meta":[],"categories":[52],"tags":[],"_links":{"self":[{"href":"https:\/\/pasaenmendoza.com\/index.php?rest_route=\/wp\/v2\/posts\/1481"}],"collection":[{"href":"https:\/\/pasaenmendoza.com\/index.php?rest_route=\/wp\/v2\/posts"}],"about":[{"href":"https:\/\/pasaenmendoza.com\/index.php?rest_route=\/wp\/v2\/types\/post"}],"author":[{"embeddable":true,"href":"https:\/\/pasaenmendoza.com\/index.php?rest_route=\/wp\/v2\/users\/2"}],"replies":[{"embeddable":true,"href":"https:\/\/pasaenmendoza.com\/index.php?rest_route=%2Fwp%2Fv2%2Fcomments&post=1481"}],"version-history":[{"count":1,"href":"https:\/\/pasaenmendoza.com\/index.php?rest_route=\/wp\/v2\/posts\/1481\/revisions"}],"predecessor-version":[{"id":1483,"href":"https:\/\/pasaenmendoza.com\/index.php?rest_route=\/wp\/v2\/posts\/1481\/revisions\/1483"}],"wp:featuredmedia":[{"embeddable":true,"href":"https:\/\/pasaenmendoza.com\/index.php?rest_route=\/wp\/v2\/media\/1482"}],"wp:attachment":[{"href":"https:\/\/pasaenmendoza.com\/index.php?rest_route=%2Fwp%2Fv2%2Fmedia&parent=1481"}],"wp:term":[{"taxonomy":"category","embeddable":true,"href":"https:\/\/pasaenmendoza.com\/index.php?rest_route=%2Fwp%2Fv2%2Fcategories&post=1481"},{"taxonomy":"post_tag","embeddable":true,"href":"https:\/\/pasaenmendoza.com\/index.php?rest_route=%2Fwp%2Fv2%2Ftags&post=1481"}],"curies":[{"name":"wp","href":"https:\/\/api.w.org\/{rel}","templated":true}]}}