{"id":14811,"date":"2025-09-18T00:01:23","date_gmt":"2025-09-17T22:01:23","guid":{"rendered":"https:\/\/pasaenmendoza.com\/?p=14811"},"modified":"2025-09-18T00:01:24","modified_gmt":"2025-09-17T22:01:24","slug":"diputados-rechazo-por-mayoria-los-vetos-de-milei-a-la-emergencia-pediatrica-y-al-financiamiento-universitario","status":"publish","type":"post","link":"https:\/\/pasaenmendoza.com\/?p=14811","title":{"rendered":"Diputados rechaz\u00f3 por mayor\u00eda los vetos de Milei a la emergencia pedi\u00e1trica y al financiamiento universitario"},"content":{"rendered":"\n<p>La<strong>\u00a0C\u00e1mara de Diputados de la Naci\u00f3n<\/strong>\u00a0rechaz\u00f3 por mayor\u00eda, este mi\u00e9rcoles, los vetos del presidente Javier Milei a\u00a0las leyes de financiamiento universitario y de emergencia pedi\u00e1trica.\u00a0Las dos normas, ratificadas en la C\u00e1mara Baja, ser\u00e1n tratadas ahora en Senadores.<\/p>\n\n\n\n<p>Por la emergencia pedi\u00e1trica la votaci\u00f3n termin\u00f3 181 a 60 a favor de la ley y en contra del decreto de Milei. En financiamiento universitario la diferencia fue menor: 174 a 67. En ambos casos se alcanzaron los dos tercios requeridos para la aprobaci\u00f3n.<\/p>\n\n\n\n<p>Con 132 diputados presentes empez\u00f3 la sesi\u00f3n especial convocada por la oposici\u00f3n para tratar los vetos a las leyes mencionadas.<\/p>\n\n\n\n<p>La votaci\u00f3n coincidi\u00f3 con el momento en el que Javier Milei reuni\u00f3 en la Casa Rosada a su gabinete. Mientras tanto, en las afueras del Congreso las calles estuvieron plagadas de carteles sindicales por la<strong>\u00a0Marcha Federal Universitaria\u00a0<\/strong>a la que se sumaron otros sectores sociales, como la movilizaci\u00f3n habitual de los mi\u00e9rcoles de los jubilados.<\/p>\n\n\n\n<p><br>La posici\u00f3n de Julio Cobos<\/p>\n\n\n\n<p>El radical<strong>&nbsp;Julio Cobos&nbsp;<\/strong>explic\u00f3 su postura en contra de los vetos de<strong>&nbsp;Javier Milei<\/strong>: \u201cEstas leyes han sido vetadas producto de que no tenemos presupuesto y hemos tenido que decidirnos por tratar en sucesivas sesiones presupuestos parciales. En este caso para dos instituciones prestigiosas que tiene nuestro pa\u00eds y que guardan relaci\u00f3n. Hoy se hablaba ac\u00e1 de la caracter\u00edstica emblem\u00e1tica que tiene el Garrahan y esto es producto de profesionales que prestan servicio y que han sido formados en nuestras universidades. La formaci\u00f3n b\u00e1sica se la dio el sistema universitario argentino&#8221;.<\/p>\n\n\n\n<p>Dijo tambi\u00e9n Cobos: &#8220;Estamos permitiendo que estas instituciones contin\u00faen funcionando con excelencia, con calidad, y es la forma de planificar para cualquier unidad organizativa. Sobre todo las universidades que tienen tres funciones: la ense\u00f1anza, la investigaci\u00f3n y la extensi\u00f3n. Y necesitan de los presupuestos para proyectar esa actividad en el futuro. No hay autarqu\u00eda si no hay autonom\u00eda financiera&#8221;.<\/p>\n\n\n\n<p><strong>Nuestro sistema universitario est\u00e1 siendo auditado. Lo audita la AGN, pero adem\u00e1s est\u00e1 siendo evaluado porque la ley de educaci\u00f3n superior establece que la Comisi\u00f3n Nacional de Evaluaci\u00f3n de la Educaci\u00f3n Superior la eval\u00fae permanentemente<\/strong><\/p>\n\n\n\n<p>&#8220;Por eso -finaliz\u00f2- ara que nuestras universidades sigan siendo el factor de movilidad ascendente, para que sigan siendo las formadores del futuro a trav\u00e9s de nuestros estudiantes que ser\u00e1n profesionales, para que el Garrahan contin\u00fae dando esperanza a muchos ni\u00f1os y ni\u00f1as que llegan con patolog\u00edas complicadas, vamos a insistir en las dos leyes mencionadas\u201d.<\/p>\n\n\n\n<p><strong>Fuente: www.diariouno.com.ar<\/strong><\/p>\n","protected":false},"excerpt":{"rendered":"<p>La\u00a0C\u00e1mara de Diputados de la Naci\u00f3n\u00a0rechaz\u00f3 por mayor\u00eda, este mi\u00e9rcoles, los vetos del presidente Javier Milei a\u00a0las leyes de financiamiento universitario y de emergencia pedi\u00e1trica.\u00a0Las dos normas, ratificadas en la C\u00e1mara Baja, ser\u00e1n tratadas ahora en Senadores. Por la emergencia pedi\u00e1trica la votaci\u00f3n termin\u00f3 181 a 60 a favor de la ley y en contra [&hellip;]<\/p>\n","protected":false},"author":2,"featured_media":14812,"comment_status":"open","ping_status":"open","sticky":false,"template":"","format":"standard","meta":[],"categories":[47],"tags":[],"_links":{"self":[{"href":"https:\/\/pasaenmendoza.com\/index.php?rest_route=\/wp\/v2\/posts\/14811"}],"collection":[{"href":"https:\/\/pasaenmendoza.com\/index.php?rest_route=\/wp\/v2\/posts"}],"about":[{"href":"https:\/\/pasaenmendoza.com\/index.php?rest_route=\/wp\/v2\/types\/post"}],"author":[{"embeddable":true,"href":"https:\/\/pasaenmendoza.com\/index.php?rest_route=\/wp\/v2\/users\/2"}],"replies":[{"embeddable":true,"href":"https:\/\/pasaenmendoza.com\/index.php?rest_route=%2Fwp%2Fv2%2Fcomments&post=14811"}],"version-history":[{"count":1,"href":"https:\/\/pasaenmendoza.com\/index.php?rest_route=\/wp\/v2\/posts\/14811\/revisions"}],"predecessor-version":[{"id":14813,"href":"https:\/\/pasaenmendoza.com\/index.php?rest_route=\/wp\/v2\/posts\/14811\/revisions\/14813"}],"wp:featuredmedia":[{"embeddable":true,"href":"https:\/\/pasaenmendoza.com\/index.php?rest_route=\/wp\/v2\/media\/14812"}],"wp:attachment":[{"href":"https:\/\/pasaenmendoza.com\/index.php?rest_route=%2Fwp%2Fv2%2Fmedia&parent=14811"}],"wp:term":[{"taxonomy":"category","embeddable":true,"href":"https:\/\/pasaenmendoza.com\/index.php?rest_route=%2Fwp%2Fv2%2Fcategories&post=14811"},{"taxonomy":"post_tag","embeddable":true,"href":"https:\/\/pasaenmendoza.com\/index.php?rest_route=%2Fwp%2Fv2%2Ftags&post=14811"}],"curies":[{"name":"wp","href":"https:\/\/api.w.org\/{rel}","templated":true}]}}