{"id":14814,"date":"2025-09-18T00:05:31","date_gmt":"2025-09-17T22:05:31","guid":{"rendered":"https:\/\/pasaenmendoza.com\/?p=14814"},"modified":"2025-09-18T00:05:32","modified_gmt":"2025-09-17T22:05:32","slug":"el-gato-oldra-el-gran-idolo-de-godoy-cruz-vuelve-al-feliciano-gambarte-como-dt-de-instituto-de-cordoba","status":"publish","type":"post","link":"https:\/\/pasaenmendoza.com\/?p=14814","title":{"rendered":"El Gato Oldr\u00e1, el gran \u00eddolo de Godoy Cruz, vuelve al Feliciano Gambarte como DT de Instituto de C\u00f3rdoba"},"content":{"rendered":"\n<p>El regreso del\u00a0<em>Gato\u00a0<\/em>Daniel Oldr\u00e1\u00a0al Feliciano Gambarte ser\u00e1 el condimento especial que tendr\u00e1 el partido entre\u00a0<strong>Godoy Cruz<\/strong>\u00a0e Instituto que jugar\u00e1n este domingo desde las 16.45, por la novena fecha de la Zona B del torneo Clausura.<\/p>\n\n\n\n<p>El gran \u00eddolo del Tomba que hoy es el conductor de Instituto y por primera vez tiene que enfrentar al club de sus amores en su casa natural.<\/p>\n\n\n\n<p>El\u00a0<em>Gato\u00a0<\/em>en forma oficial pisar\u00e1 el renovado\u00a0<strong>Feliciano Gambarte<\/strong>, ya estuvo en la inauguraci\u00f3n del estadio el pasado 1 de julio donde recibi\u00f3 el cari\u00f1o de los hinchas.<\/p>\n\n\n\n<p>Por una cuesti\u00f3n organizativa del club Instituto el\u00a0<em>Gato\u00a0<\/em>no tendr\u00e1 contacto con la prensa durante todo el tiempo que est\u00e9 en el predio tombino.<\/p>\n\n\n\n<p>Este domingo habr\u00e1 un reconocimiento para el gran \u00eddolo del Tomba. para muchos es el m\u00e1ximo \u00eddolo de la historia del Tomba, que tuvo su etapa como jugador, entrenador y coordinador y estuvo toda una vida en el Expreso.<\/p>\n\n\n\n<p>Su \u00faltimo partido que dirigi\u00f3 en el Tomba fue el 18 de noviembre de 2024 en la derrota con Platense.<\/p>\n\n\n\n<p>Cuando decidi\u00f3 alejarse del Tomba y surgi\u00f3 la posibilidad de dirigir a Instituto dec\u00eda: &#8220;Es la decisi\u00f3n m\u00e1s dif\u00edcil de mi vida&#8221;, fueron la palabras del Oldr\u00e1 previo a asumir en el equipo cordob\u00e9s.<\/p>\n\n\n\n<p>Cuando se hablaba en el Gambarte para el 2025 y cont\u00f3 hace unos meses a este medio: &#8220;El d\u00eda que se inaugure el estadio quiero verle la cara al hincha, s\u00e9 que se les van a caer algunos lagrimones. Va ser un a\u00f1o especial por volver a jugar en nuestro estadio, volver al barrio. El retorno para todos es c\u00f3mo lograr un t\u00edtulo&#8221;, revel\u00f3 el ex defensor.<\/p>\n\n\n\n<p>Ser\u00e1 algo extra\u00f1o verlo en el estadio Feliciano Gambarte con otros colores, con el&nbsp;<em>Negro&nbsp;<\/em>Olmedo y el&nbsp;<em>Loco&nbsp;<\/em>Ib\u00e1\u00f1ez dos ex jugadores que dejaron su sello en el Tomba. El cuerpo t\u00e9cnico hizo ilusionar a los hinchas en la gran campa\u00f1a que hicieron en el 2024.<\/p>\n\n\n\n<p>En su \u00faltima etapa como entrenador principal de&nbsp;<strong>Godoy Cruz<\/strong>&nbsp;dirigi\u00f3 78 partidos, entre abril de 2023 y noviembre de 2024, y durante este per\u00edodo, logr\u00f3 31 victorias, 27 empates y 20 derrotas, finalizando primero en la Zona B de la Copa de la Liga Profesional de ese a\u00f1o y aunque no fue campe\u00f3n, lograron clasificarse a la Copa Sudamericana de este a\u00f1o. Se termin\u00f3 ese exitoso ciclo de Daniel Oldr\u00e1 en Godoy Cruz.<\/p>\n\n\n\n<p><strong>&#8220;Me siento un hincha m\u00e1s de Godoy Cruz, soy muy afortunado y respetado. Cuando me toc\u00f3 ser entrenador era como si estuviera dirigiendo a la Selecci\u00f3n Argentina&#8221; dijo hace unos a\u00f1os el Gato Oldr\u00e1.<\/strong><\/p>\n\n\n\n<p>Ser\u00e1 un partido especial para el&nbsp;<em>Gato<\/em>, nunca se imagin\u00f3 enfrentar a Godoy Cruz el club que lo vio nacer, donde escribi\u00f3 p\u00e1ginas doradas en calle Balcarce como jugador y a\u00f1os m\u00e1s tarde como director t\u00e9cnico.<\/p>\n\n\n\n<h2 class=\"wp-block-heading\">La despedida emocionante en las palabras del periodista Diego Agrain<\/h2>\n\n\n\n<p>Descubri\u00f3 a grandes jugadores y marc\u00f3 un estilo de trabajo, fue el bombero, el que siempre apag\u00f3 los incendios, el que lleva al Tomba en el coraz\u00f3n, el \u00eddolo que representa a los hinchas de<strong>&nbsp;Godoy Cruz<\/strong>, que dej\u00f3 su vida por el club y conoce cada rinc\u00f3n.<\/p>\n\n\n\n<h2 class=\"wp-block-heading\">Los n\u00fameros de Daniel Oldr\u00e1 en las varias etapas en Godoy Cruz<\/h2>\n\n\n\n<ul>\n<li>Dirigi\u00f3 132 partidos<\/li>\n\n\n\n<li>Gan\u00f3 47<\/li>\n\n\n\n<li>Empat\u00f3 38<\/li>\n\n\n\n<li>Perdi\u00f3 47<\/li>\n<\/ul>\n\n\n\n<p><strong>Fuente: www.diariouno.com.ar<\/strong><\/p>\n","protected":false},"excerpt":{"rendered":"<p>El regreso del\u00a0Gato\u00a0Daniel Oldr\u00e1\u00a0al Feliciano Gambarte ser\u00e1 el condimento especial que tendr\u00e1 el partido entre\u00a0Godoy Cruz\u00a0e Instituto que jugar\u00e1n este domingo desde las 16.45, por la novena fecha de la Zona B del torneo Clausura. El gran \u00eddolo del Tomba que hoy es el conductor de Instituto y por primera vez tiene que enfrentar al [&hellip;]<\/p>\n","protected":false},"author":2,"featured_media":14815,"comment_status":"open","ping_status":"open","sticky":false,"template":"","format":"standard","meta":[],"categories":[81],"tags":[],"_links":{"self":[{"href":"https:\/\/pasaenmendoza.com\/index.php?rest_route=\/wp\/v2\/posts\/14814"}],"collection":[{"href":"https:\/\/pasaenmendoza.com\/index.php?rest_route=\/wp\/v2\/posts"}],"about":[{"href":"https:\/\/pasaenmendoza.com\/index.php?rest_route=\/wp\/v2\/types\/post"}],"author":[{"embeddable":true,"href":"https:\/\/pasaenmendoza.com\/index.php?rest_route=\/wp\/v2\/users\/2"}],"replies":[{"embeddable":true,"href":"https:\/\/pasaenmendoza.com\/index.php?rest_route=%2Fwp%2Fv2%2Fcomments&post=14814"}],"version-history":[{"count":1,"href":"https:\/\/pasaenmendoza.com\/index.php?rest_route=\/wp\/v2\/posts\/14814\/revisions"}],"predecessor-version":[{"id":14816,"href":"https:\/\/pasaenmendoza.com\/index.php?rest_route=\/wp\/v2\/posts\/14814\/revisions\/14816"}],"wp:featuredmedia":[{"embeddable":true,"href":"https:\/\/pasaenmendoza.com\/index.php?rest_route=\/wp\/v2\/media\/14815"}],"wp:attachment":[{"href":"https:\/\/pasaenmendoza.com\/index.php?rest_route=%2Fwp%2Fv2%2Fmedia&parent=14814"}],"wp:term":[{"taxonomy":"category","embeddable":true,"href":"https:\/\/pasaenmendoza.com\/index.php?rest_route=%2Fwp%2Fv2%2Fcategories&post=14814"},{"taxonomy":"post_tag","embeddable":true,"href":"https:\/\/pasaenmendoza.com\/index.php?rest_route=%2Fwp%2Fv2%2Ftags&post=14814"}],"curies":[{"name":"wp","href":"https:\/\/api.w.org\/{rel}","templated":true}]}}