{"id":14820,"date":"2025-09-18T15:50:09","date_gmt":"2025-09-18T13:50:09","guid":{"rendered":"https:\/\/pasaenmendoza.com\/?p=14820"},"modified":"2025-09-18T15:50:10","modified_gmt":"2025-09-18T13:50:10","slug":"dia-del-estudiante-asi-sera-el-operativo-de-control-y-prevencion-durante-el-fin-de-semana","status":"publish","type":"post","link":"https:\/\/pasaenmendoza.com\/?p=14820","title":{"rendered":"D\u00eda del Estudiante: as\u00ed ser\u00e1 el operativo de control y prevenci\u00f3n durante el fin de semana\u00a0"},"content":{"rendered":"\n<p>Con motivo de los festejos del D\u00eda<strong>&nbsp;del Estudiante<\/strong>, el Ministerio de Seguridad y Justicia de Mendoza anunci\u00f3 este jueves c\u00f3mo ser\u00e1 el&nbsp;<strong>amplio operativo de control y prevenci\u00f3n<\/strong>&nbsp;que se llevar\u00e1 a cabo desde el&nbsp;<strong>viernes hasta la madrugada del lunes<\/strong>. El objetivo ser\u00e1 garantizar el&nbsp;<em>\u201ccuidado\u201d&nbsp;<\/em>durante los festejos en espacios p\u00fablicos y lugares nocturnos, evitando accidentes y situaciones de riesgo.<\/p>\n\n\n\n<p>El director general de Relaciones con la Comunidad,\u00a0<strong>Hern\u00e1n Amat<\/strong>\u00a0confirm\u00f3 que los controles se centrar\u00e1n en\u00a0<strong>espacios verdes, bares, boliches y restaurantes<\/strong>, tanto en el\u00a0<strong>Gran Mendoza<\/strong>\u00a0como en el\u00a0<strong>Este, Valle de Uco y Sur provincial<\/strong>.<\/p>\n\n\n\n<p><em>\u201cVamos a realizar&nbsp;<strong>controles espec\u00edficos<\/strong>&nbsp;en todos los lugares de recreaci\u00f3n, principalmente en espacios verdes, boliches y bares, poniendo el foco en la&nbsp;<strong>prevenci\u00f3n<\/strong>\u201c<\/em>, expres\u00f3.<\/p>\n\n\n\n<p>Adem\u00e1s, se realizar\u00e1n\u00a0<strong>controles de alcoholemia, controles biom\u00e9tricos y operativos en rutas<\/strong>\u00a0para evitar siniestros viales. El funcionario reiter\u00f3 que la intenci\u00f3n no es sancionar, sino\u00a0<strong>garantizar festejos seguros y responsables<\/strong>.<\/p>\n\n\n\n<h2 class=\"wp-block-heading\" id=\"h-fiestas-habilitadas\">Fiestas habilitadas<\/h2>\n\n\n\n<p>El operativo contar\u00e1 con&nbsp;<strong>alrededor de 2.000 efectivos<\/strong>&nbsp;entre personal de servicio ordinario y con recargo. Tambi\u00e9n se vigilar\u00e1n las&nbsp;<strong>fiestas habilitadas<\/strong>, de las cuales hay&nbsp;<strong>seis autorizadas oficialmente<\/strong>.<\/p>\n\n\n\n<p><em>\u201cLas fiestas habilitadas se comunicar\u00e1n a trav\u00e9s de las\u00a0<strong>redes sociales del Ministerio de Seguridad y Justicia<\/strong>, para que la ciudadan\u00eda est\u00e9 bien informada y\u00a0<strong>evite eventos clandestinos<\/strong>\u201c<\/em>, indic\u00f3<strong>\u00a0Amat<\/strong>.<\/p>\n\n\n\n<h2 class=\"wp-block-heading\" id=\"h-las-recomendaciones\">Las recomendaciones<\/h2>\n\n\n\n<p>Desde el gobierno provincial se pidi\u00f3 a los j\u00f3venes que&nbsp;<strong>celebren con responsabilidad<\/strong>&nbsp;y eviten asistir a fiestas no autorizadas. Incluso se hizo un llamado a la&nbsp;<em>\u201ccomunidad chilena y al turismo internacional\u201d<\/em>&nbsp;para que colaboren con las autoridades locales.<\/p>\n\n\n\n<p><em>\u201cLlamamos a la responsabilidad de la ciudadan\u00eda. Somos pa\u00edses hermanos y no hay que generar alarma. No hemos tenido incidentes recientes con turistas chilenos\u201d<\/em>, aclar\u00f3 el funcionario.<\/p>\n\n\n\n<p>El operativo tambi\u00e9n estar\u00e1 sujeto a modificaciones dependiendo del\u00a0<strong>pron\u00f3stico clim\u00e1tico<\/strong>, ya que se espera un fin de semana inestable con lluvias. Algunos empresarios del rubro nocturno eval\u00faan\u00a0<strong>reprogramar o suspender eventos<\/strong>\u00a0seg\u00fan las condiciones meteorol\u00f3gicas.<\/p>\n\n\n\n<p><strong>Fuente: www.elsol.com.ar<\/strong><\/p>\n","protected":false},"excerpt":{"rendered":"<p>Con motivo de los festejos del D\u00eda&nbsp;del Estudiante, el Ministerio de Seguridad y Justicia de Mendoza anunci\u00f3 este jueves c\u00f3mo ser\u00e1 el&nbsp;amplio operativo de control y prevenci\u00f3n&nbsp;que se llevar\u00e1 a cabo desde el&nbsp;viernes hasta la madrugada del lunes. El objetivo ser\u00e1 garantizar el&nbsp;\u201ccuidado\u201d&nbsp;durante los festejos en espacios p\u00fablicos y lugares nocturnos, evitando accidentes y situaciones [&hellip;]<\/p>\n","protected":false},"author":2,"featured_media":14821,"comment_status":"open","ping_status":"open","sticky":false,"template":"","format":"standard","meta":[],"categories":[50],"tags":[],"_links":{"self":[{"href":"https:\/\/pasaenmendoza.com\/index.php?rest_route=\/wp\/v2\/posts\/14820"}],"collection":[{"href":"https:\/\/pasaenmendoza.com\/index.php?rest_route=\/wp\/v2\/posts"}],"about":[{"href":"https:\/\/pasaenmendoza.com\/index.php?rest_route=\/wp\/v2\/types\/post"}],"author":[{"embeddable":true,"href":"https:\/\/pasaenmendoza.com\/index.php?rest_route=\/wp\/v2\/users\/2"}],"replies":[{"embeddable":true,"href":"https:\/\/pasaenmendoza.com\/index.php?rest_route=%2Fwp%2Fv2%2Fcomments&post=14820"}],"version-history":[{"count":1,"href":"https:\/\/pasaenmendoza.com\/index.php?rest_route=\/wp\/v2\/posts\/14820\/revisions"}],"predecessor-version":[{"id":14822,"href":"https:\/\/pasaenmendoza.com\/index.php?rest_route=\/wp\/v2\/posts\/14820\/revisions\/14822"}],"wp:featuredmedia":[{"embeddable":true,"href":"https:\/\/pasaenmendoza.com\/index.php?rest_route=\/wp\/v2\/media\/14821"}],"wp:attachment":[{"href":"https:\/\/pasaenmendoza.com\/index.php?rest_route=%2Fwp%2Fv2%2Fmedia&parent=14820"}],"wp:term":[{"taxonomy":"category","embeddable":true,"href":"https:\/\/pasaenmendoza.com\/index.php?rest_route=%2Fwp%2Fv2%2Fcategories&post=14820"},{"taxonomy":"post_tag","embeddable":true,"href":"https:\/\/pasaenmendoza.com\/index.php?rest_route=%2Fwp%2Fv2%2Ftags&post=14820"}],"curies":[{"name":"wp","href":"https:\/\/api.w.org\/{rel}","templated":true}]}}