{"id":14829,"date":"2025-09-18T16:46:08","date_gmt":"2025-09-18T14:46:08","guid":{"rendered":"https:\/\/pasaenmendoza.com\/?p=14829"},"modified":"2025-09-18T16:46:09","modified_gmt":"2025-09-18T14:46:09","slug":"una-guerra-de-bandas-tiene-atemorizados-a-alumnos-y-docentes-de-una-escuela-de-las-heras","status":"publish","type":"post","link":"https:\/\/pasaenmendoza.com\/?p=14829","title":{"rendered":"Una guerra de bandas tiene atemorizados a alumnos y docentes de una escuela de Las Heras"},"content":{"rendered":"\n<p>Los docentes de la\u00a0<strong>escuela Armando Tejada G\u00f3mez<\/strong>, de\u00a0<strong>Las Heras<\/strong>, alertaron que viven en medio del miedo y la preocupaci\u00f3n por el avance de la\u00a0<strong>guerra de bandas<\/strong>\u00a0que afecta el establecimiento. Detallaron que la\u00a0<strong>violencia\u00a0<\/strong>se replica cada vez m\u00e1s dentro del colegio. Reclamaron ayuda para que los chicos y los profesores tengan seguridad.<\/p>\n\n\n\n<p>El colegio est\u00e1 ubicado en calles Pinemides y Amanecer, del barrio Arquitecto Alfaro, en<strong>\u00a0Las Heras<\/strong>, colindante con los barrios 26 de Enero, Colombia, Cinco mil lotes, entre otros. &#8220;Trabajamos con una poblaci\u00f3n estudiantil con problem\u00e1ticas comunes en la zona y ya est\u00e1n instaladas en la\u00a0<strong>escuela<\/strong>&#8220;, se\u00f1al\u00f3 una docente que se desempe\u00f1a hace muchos a\u00f1os en esa comunidad.<\/p>\n\n\n\n<p>Destac\u00f3 que el a\u00f1o pasado sufrieron un hecho de&nbsp;<strong>violencia&nbsp;<\/strong>dentro del colegio, donde gente desconocida entr\u00f3 y golpe\u00f3 al regente. &#8220;Este a\u00f1o la situaci\u00f3n de violencia dentro de la&nbsp;<strong>escuela&nbsp;<\/strong>fue en escalada a tal punto que somos visitados por la&nbsp;<strong>Polic\u00eda&nbsp;<\/strong>bastante seguido. Se complica cada vez m\u00e1s, los problemas del barrios entraron a la escuela&#8221;. Relat\u00f3 que son m\u00e1s frecuentes las peleas entre los varones y entre las chicas dentro de la escuela.<\/p>\n\n\n\n<p>La mujer indic\u00f3 que el mi\u00e9rcoles no dejaron salir a los chicos hasta que no lleg\u00f3 un m\u00f3vil para evitar problemas, pero cuando salieron &#8220;se agarraron a las\u00a0<strong>trompadas\u00a0<\/strong>en la puerta y la\u00a0<strong>Polic\u00eda\u00a0<\/strong>intent\u00f3 disuadirlos de forma pac\u00edfica, pero como no pudieron hicieron\u00a0<strong>disparos\u00a0<\/strong>al aire cuando el 80% de los ni\u00f1os estaba en la puerta de la escuela&#8221;, como se ve en el siguiente video:<\/p>\n\n\n\n<p>Esto provoc\u00f3 que los alumnos corrieran para todos los lados y les tiraran&nbsp;<strong>piedras&nbsp;<\/strong>a los m\u00f3viles, mientras los&nbsp;<strong>docentes&nbsp;<\/strong>quedaron en el medio: &#8220;Es una situaci\u00f3n que vivimos casi a diario&#8221;.<\/p>\n\n\n\n<h2 class=\"wp-block-heading\">Los problemas de una escuela por una guerra de bandas<\/h2>\n\n\n\n<p>La docente manifest\u00f3 que siempre tratan de resolver los problemas entre los chicos antes que ingresen a la&nbsp;<strong>escuela<\/strong>, &#8220;pero ya se nos escapa de las manos. El a\u00f1o pasado tuvimos el compromiso de la&nbsp;<strong>polic\u00eda&nbsp;<\/strong>de&nbsp;<strong>Las Heras<\/strong>&nbsp;y tambi\u00e9n de la Guardia Urbana Municipal (GUM) en tener un m\u00f3vil a la entrada y a la salida del colegio, pero&nbsp;<strong>no cumplieron<\/strong>&#8220;.<\/p>\n\n\n\n<p>Como medida del mismo c<strong>olegio Armando Tejada G\u00f3mez<\/strong>&nbsp;decidieron no dejar entrar m\u00e1s a los padres de los estudiantes: &#8220;Tenemos pap\u00e1s que entran a la&nbsp;<strong>escuela&nbsp;<\/strong>que no est\u00e1n conformes con las notas de sus hijos y&nbsp;<strong>amenazan&nbsp;<\/strong>a los docentes. Yo fui v\u00edctima de una amenaza, es una situaci\u00f3n muy compleja la que vivimos&#8221;.<\/p>\n\n\n\n<p>La mujer que trata de buscar alguna soluci\u00f3n y por eso pide ayuda cree que &#8220;las autoridades est\u00e1n\u00a0<strong>atadas de manos\u00a0<\/strong>porque siguen todos los procedimientos administrativos que tienen que seguir, pero no tenemos respuestas todav\u00eda&#8221;.<\/p>\n\n\n\n<p>&#8220;De un a\u00f1o hasta ac\u00e1 aumentan cada vez m\u00e1s los \u00edndices de&nbsp;<strong>violencia&nbsp;<\/strong>dentro de la instituci\u00f3n y estamos muy preocupados. El mi\u00e9rcoles vivimos una situaci\u00f3n muy lamentable y terror. Si bien estamos acostumbrados a trabajar ac\u00e1, porque la mayor\u00eda somos docentes que trabajamos hace muchos en esta&nbsp;<strong>escuela<\/strong>, esta situaci\u00f3n est\u00e1 cada vez m\u00e1s compleja y escapa a nuestro control&#8221;, expres\u00f3 la docente.<\/p>\n\n\n\n<p>Y agreg\u00f3: &#8220;Son situaciones barriales que se trasladan a la&nbsp;<strong>escuela<\/strong>&nbsp;y nos complica poder dar clases como debe ser porque siempre hay que estar apagando fuegos&#8221;.<\/p>\n\n\n\n<p>El gran problema es que parte de los alumnos son hijos de quienes est\u00e1n enfrentados en esta\u00a0<strong>guerra de bandas\u00a0<\/strong>de los barrios aleda\u00f1os, &#8220;y el resto de los padres y profesores tienen mucho\u00a0<strong>temor<\/strong>&#8220;.<\/p>\n\n\n\n<p><strong>Fuente: www.diariouno.com.ar<\/strong><\/p>\n","protected":false},"excerpt":{"rendered":"<p>Los docentes de la\u00a0escuela Armando Tejada G\u00f3mez, de\u00a0Las Heras, alertaron que viven en medio del miedo y la preocupaci\u00f3n por el avance de la\u00a0guerra de bandas\u00a0que afecta el establecimiento. Detallaron que la\u00a0violencia\u00a0se replica cada vez m\u00e1s dentro del colegio. Reclamaron ayuda para que los chicos y los profesores tengan seguridad. El colegio est\u00e1 ubicado en [&hellip;]<\/p>\n","protected":false},"author":2,"featured_media":14830,"comment_status":"open","ping_status":"open","sticky":false,"template":"","format":"standard","meta":[],"categories":[121],"tags":[],"_links":{"self":[{"href":"https:\/\/pasaenmendoza.com\/index.php?rest_route=\/wp\/v2\/posts\/14829"}],"collection":[{"href":"https:\/\/pasaenmendoza.com\/index.php?rest_route=\/wp\/v2\/posts"}],"about":[{"href":"https:\/\/pasaenmendoza.com\/index.php?rest_route=\/wp\/v2\/types\/post"}],"author":[{"embeddable":true,"href":"https:\/\/pasaenmendoza.com\/index.php?rest_route=\/wp\/v2\/users\/2"}],"replies":[{"embeddable":true,"href":"https:\/\/pasaenmendoza.com\/index.php?rest_route=%2Fwp%2Fv2%2Fcomments&post=14829"}],"version-history":[{"count":1,"href":"https:\/\/pasaenmendoza.com\/index.php?rest_route=\/wp\/v2\/posts\/14829\/revisions"}],"predecessor-version":[{"id":14831,"href":"https:\/\/pasaenmendoza.com\/index.php?rest_route=\/wp\/v2\/posts\/14829\/revisions\/14831"}],"wp:featuredmedia":[{"embeddable":true,"href":"https:\/\/pasaenmendoza.com\/index.php?rest_route=\/wp\/v2\/media\/14830"}],"wp:attachment":[{"href":"https:\/\/pasaenmendoza.com\/index.php?rest_route=%2Fwp%2Fv2%2Fmedia&parent=14829"}],"wp:term":[{"taxonomy":"category","embeddable":true,"href":"https:\/\/pasaenmendoza.com\/index.php?rest_route=%2Fwp%2Fv2%2Fcategories&post=14829"},{"taxonomy":"post_tag","embeddable":true,"href":"https:\/\/pasaenmendoza.com\/index.php?rest_route=%2Fwp%2Fv2%2Ftags&post=14829"}],"curies":[{"name":"wp","href":"https:\/\/api.w.org\/{rel}","templated":true}]}}