{"id":14832,"date":"2025-09-18T16:53:10","date_gmt":"2025-09-18T14:53:10","guid":{"rendered":"https:\/\/pasaenmendoza.com\/?p=14832"},"modified":"2025-09-18T16:53:11","modified_gmt":"2025-09-18T14:53:11","slug":"el-senado-frena-el-nuevo-estatuto-del-empleado-publico-y-crece-la-tension-con-los-gremios","status":"publish","type":"post","link":"https:\/\/pasaenmendoza.com\/?p=14832","title":{"rendered":"El Senado frena el nuevo Estatuto del Empleado P\u00fablico y crece la tensi\u00f3n con los gremios"},"content":{"rendered":"\n<p>El proyecto para modificar\u00a0el Estatuto del Empleado P\u00fablico,<strong>\u00a0que ya obtuvo media sanci\u00f3n en Diputados<\/strong>, encontr\u00f3 un freno en el Senado de Mendoza. Aunque el oficialismo cuenta con los votos necesarios para su aprobaci\u00f3n, decidi\u00f3 abrir un plenario de comisiones y posponer la definici\u00f3n tras la presi\u00f3n de la oposici\u00f3n y de los gremios estatales.<\/p>\n\n\n\n<p>El eje del conflicto est\u00e1 en la figura del \u201cempleado interino\u201d, cuestionada por la oposici\u00f3n y los sindicatos, que advierten que habilita discrecionalidad en los ingresos al Estado. El oficialismo, por su parte, busca que la reforma avance con un respaldo amplio y no\u00a0\u00fanicamente con su mayor\u00eda legislativa.<\/p>\n\n\n\n<p>En este marco, las comisiones de Legislaci\u00f3n y Asuntos Constitucionales, Hacienda y Presupuesto, y Trabajo convocaron a representantes de distintos sindicatos y organizaciones, quienes expresaron un rechazo un\u00e1nime al proyecto. Afirman que la iniciativa no s\u00f3lo vulnera derechos adquiridos, sino que tambi\u00e9n genera un esquema que incrementa la concentraci\u00f3n de poder en la designaci\u00f3n de cargos.<\/p>\n\n\n\n<p>El panorama en la C\u00e1mara Alta aparece muy ajustado: las estimaciones marcan que la votaci\u00f3n podr\u00eda terminar empatada, lo que dejar\u00eda la definici\u00f3n en manos de la vicegobernadora. Esa situaci\u00f3n anticipa la aprobaci\u00f3n, aunque con un costo pol\u00edtico elevado para\u00a0el Gobierno provincial.<\/p>\n\n\n\n<p>Mientras tanto, los gremios ya comenzaron a movilizarse frente a la Legislatura y advirtieron que, si la ley avanza, se profundizar\u00e1n las medidas de fuerza. El proyecto permanecer\u00e1 en an\u00e1lisis en comisiones y no llegar\u00e1 al recinto en la pr\u00f3xima sesi\u00f3n, lo que extiende la tensi\u00f3n y mantiene abierto el escenario de conflicto en la administraci\u00f3n p\u00fablica provincial.<\/p>\n\n\n\n<p><strong>Fuente: www.diariomendoza.com.ar<\/strong><\/p>\n","protected":false},"excerpt":{"rendered":"<p>El proyecto para modificar\u00a0el Estatuto del Empleado P\u00fablico,\u00a0que ya obtuvo media sanci\u00f3n en Diputados, encontr\u00f3 un freno en el Senado de Mendoza. Aunque el oficialismo cuenta con los votos necesarios para su aprobaci\u00f3n, decidi\u00f3 abrir un plenario de comisiones y posponer la definici\u00f3n tras la presi\u00f3n de la oposici\u00f3n y de los gremios estatales. El [&hellip;]<\/p>\n","protected":false},"author":2,"featured_media":14833,"comment_status":"open","ping_status":"open","sticky":false,"template":"","format":"standard","meta":[],"categories":[47],"tags":[],"_links":{"self":[{"href":"https:\/\/pasaenmendoza.com\/index.php?rest_route=\/wp\/v2\/posts\/14832"}],"collection":[{"href":"https:\/\/pasaenmendoza.com\/index.php?rest_route=\/wp\/v2\/posts"}],"about":[{"href":"https:\/\/pasaenmendoza.com\/index.php?rest_route=\/wp\/v2\/types\/post"}],"author":[{"embeddable":true,"href":"https:\/\/pasaenmendoza.com\/index.php?rest_route=\/wp\/v2\/users\/2"}],"replies":[{"embeddable":true,"href":"https:\/\/pasaenmendoza.com\/index.php?rest_route=%2Fwp%2Fv2%2Fcomments&post=14832"}],"version-history":[{"count":1,"href":"https:\/\/pasaenmendoza.com\/index.php?rest_route=\/wp\/v2\/posts\/14832\/revisions"}],"predecessor-version":[{"id":14834,"href":"https:\/\/pasaenmendoza.com\/index.php?rest_route=\/wp\/v2\/posts\/14832\/revisions\/14834"}],"wp:featuredmedia":[{"embeddable":true,"href":"https:\/\/pasaenmendoza.com\/index.php?rest_route=\/wp\/v2\/media\/14833"}],"wp:attachment":[{"href":"https:\/\/pasaenmendoza.com\/index.php?rest_route=%2Fwp%2Fv2%2Fmedia&parent=14832"}],"wp:term":[{"taxonomy":"category","embeddable":true,"href":"https:\/\/pasaenmendoza.com\/index.php?rest_route=%2Fwp%2Fv2%2Fcategories&post=14832"},{"taxonomy":"post_tag","embeddable":true,"href":"https:\/\/pasaenmendoza.com\/index.php?rest_route=%2Fwp%2Fv2%2Ftags&post=14832"}],"curies":[{"name":"wp","href":"https:\/\/api.w.org\/{rel}","templated":true}]}}