{"id":14835,"date":"2025-09-18T16:56:25","date_gmt":"2025-09-18T14:56:25","guid":{"rendered":"https:\/\/pasaenmendoza.com\/?p=14835"},"modified":"2025-09-18T16:56:26","modified_gmt":"2025-09-18T14:56:26","slug":"mendoza-se-suma-al-programa-nacional-de-etiquetado-de-viviendas-que-implica","status":"publish","type":"post","link":"https:\/\/pasaenmendoza.com\/?p=14835","title":{"rendered":"Mendoza se suma al Programa Nacional de Etiquetado de Viviendas: qu\u00e9 implica"},"content":{"rendered":"\n<p><strong>El\u00a0Ministerio de Energ\u00eda y Ambiente\u00a0firm\u00f3 un convenio de adhesi\u00f3n al Programa Nacional de Etiquetado de Viviendas, para unificar criterios con Naci\u00f3n y seguir aplicando la Ley provincial 9248. El acuerdo busca implementar el sistema de certificaci\u00f3n en\u00a0construcciones, con etiquetas de la \u201cA\u201d a la \u201cG\u201d, como ocurre con los electrodom\u00e9sticos.<\/strong><\/p>\n\n\n\n<p>Para unificar criterios con Naci\u00f3n y avanzar en la aplicaci\u00f3n de la Ley provincial de Etiquetado de\u00a0<strong>Viviendas<\/strong>, el Ministerio de Energ\u00eda y Ambiente\u00a0<strong>firm\u00f3 un convenio de adhesi\u00f3n al Programa Nacional de Etiquetado de Viviendas (PRONEV).<\/strong><\/p>\n\n\n\n<p>El acuerdo fue rubricado por la ministra de Energ\u00eda y Ambiente, Jimena Latorre, y por el Subsecretario de Planeamieto y Transici\u00f3n Energ\u00e9tica de la Naci\u00f3n, Antonio Milanese.<\/p>\n\n\n\n<p>El objetivo es avanzar junto con Naci\u00f3n en la implementaci\u00f3n de la Ley provincial 9248 de Etiquetado de Viviendas,&nbsp;<strong>que establece la obligatoriedad de certificar la eficiencia energ\u00e9tica de construcciones nuevas y existentes mediante un sistema de etiquetado de letras (de la \u201cA\u201d a la \u201cG\u201d), similar al que rige para los electrodom\u00e9sticos.<\/strong><\/p>\n\n\n\n<p>Como la normativa provincial a\u00fan se encuentra en proceso de reglamentaci\u00f3n, el acuerdo firmado contempla la articulaci\u00f3n con el Registro Nacional del Programa de Etiquetado de Viviendas. Este registro concentra la informaci\u00f3n de etiquetas, certificadores y formadores en todas las jurisdicciones que adhieren, permitiendo unificar criterios y garantizar la aplicaci\u00f3n coordinada de la pol\u00edtica entre Naci\u00f3n y las provincias.<\/p>\n\n\n\n<p><strong>La etiqueta de eficiencia energ\u00e9tica<\/strong><\/p>\n\n\n\n<p>La Etiqueta de Eficiencia Energ\u00e9tica establece una escala de letras desde la \u201cA\u201d (m\u00e1xima eficiencia) hasta la \u201cG\u201d (menor eficiencia). Se basa en el \u00cdndice de Prestaciones Energ\u00e9ticas (IPE), un valor caracter\u00edstico de cada vivienda que mide el requerimiento te\u00f3rico de energ\u00eda primaria necesario para calefacci\u00f3n, refrigeraci\u00f3n, agua caliente e iluminaci\u00f3n, durante un a\u00f1o y por metro cuadrado, bajo condiciones de uso normalizadas.<\/p>\n\n\n\n<p>Este indicador es independiente del uso particular de cada hogar y permite comparar las prestaciones energ\u00e9ticas de las viviendas con un criterio homog\u00e9neo y transparente en todo el territorio nacional.<\/p>\n\n\n\n<p>La adhesi\u00f3n al PRONEV permite a Mendoza articular su normativa provincial con los lineamientos nacionales, consolidando una pol\u00edtica p\u00fablica que apunte a construcciones m\u00e1s eficientes, que optimicen el consumo de energ\u00eda y recursos naturales.<\/p>\n\n\n\n<p>El objetivo final es promover la conciencia sobre el consumo energ\u00e9tico, reducir los gastos mensuales para compradores e inquilinos y fomentar la construcci\u00f3n sostenible en\u00a0la\u00a0provincia.<\/p>\n\n\n\n<p><strong>Fuente: www.diariomendoza.com.ar<\/strong><\/p>\n","protected":false},"excerpt":{"rendered":"<p>El\u00a0Ministerio de Energ\u00eda y Ambiente\u00a0firm\u00f3 un convenio de adhesi\u00f3n al Programa Nacional de Etiquetado de Viviendas, para unificar criterios con Naci\u00f3n y seguir aplicando la Ley provincial 9248. El acuerdo busca implementar el sistema de certificaci\u00f3n en\u00a0construcciones, con etiquetas de la \u201cA\u201d a la \u201cG\u201d, como ocurre con los electrodom\u00e9sticos. Para unificar criterios con Naci\u00f3n [&hellip;]<\/p>\n","protected":false},"author":2,"featured_media":14836,"comment_status":"open","ping_status":"open","sticky":false,"template":"","format":"standard","meta":[],"categories":[69],"tags":[],"_links":{"self":[{"href":"https:\/\/pasaenmendoza.com\/index.php?rest_route=\/wp\/v2\/posts\/14835"}],"collection":[{"href":"https:\/\/pasaenmendoza.com\/index.php?rest_route=\/wp\/v2\/posts"}],"about":[{"href":"https:\/\/pasaenmendoza.com\/index.php?rest_route=\/wp\/v2\/types\/post"}],"author":[{"embeddable":true,"href":"https:\/\/pasaenmendoza.com\/index.php?rest_route=\/wp\/v2\/users\/2"}],"replies":[{"embeddable":true,"href":"https:\/\/pasaenmendoza.com\/index.php?rest_route=%2Fwp%2Fv2%2Fcomments&post=14835"}],"version-history":[{"count":1,"href":"https:\/\/pasaenmendoza.com\/index.php?rest_route=\/wp\/v2\/posts\/14835\/revisions"}],"predecessor-version":[{"id":14837,"href":"https:\/\/pasaenmendoza.com\/index.php?rest_route=\/wp\/v2\/posts\/14835\/revisions\/14837"}],"wp:featuredmedia":[{"embeddable":true,"href":"https:\/\/pasaenmendoza.com\/index.php?rest_route=\/wp\/v2\/media\/14836"}],"wp:attachment":[{"href":"https:\/\/pasaenmendoza.com\/index.php?rest_route=%2Fwp%2Fv2%2Fmedia&parent=14835"}],"wp:term":[{"taxonomy":"category","embeddable":true,"href":"https:\/\/pasaenmendoza.com\/index.php?rest_route=%2Fwp%2Fv2%2Fcategories&post=14835"},{"taxonomy":"post_tag","embeddable":true,"href":"https:\/\/pasaenmendoza.com\/index.php?rest_route=%2Fwp%2Fv2%2Ftags&post=14835"}],"curies":[{"name":"wp","href":"https:\/\/api.w.org\/{rel}","templated":true}]}}